{"id":4357,"date":"2017-03-04T22:01:27","date_gmt":"2017-03-04T22:01:27","guid":{"rendered":"https:\/\/www.agencija-jajce.ba\/jajce-de-evler\/"},"modified":"2017-03-04T22:01:27","modified_gmt":"2017-03-04T22:01:27","slug":"jajce-de-evler","status":"publish","type":"post","link":"https:\/\/www.agencija-jajce.ba\/tr\/jajce-de-evler\/","title":{"rendered":"Jajce&#8217;de evler"},"content":{"rendered":"<p style=\"text-align: justify;\">Yama\u00e7larda, kale surlar\u0131 alt\u0131nda ve orta\u00e7a\u011f duvarlar\u0131 i\u00e7inde siyah ah\u015faptan yap\u0131lm\u0131\u015f dik \u00e7at\u0131l\u0131 evler,benzersiz bir ortam i\u00e7in, Osmanl\u0131 \u0130mparatorlu\u011fu d\u00f6nemi Jajce konut mimarisinin \u00e7ok say\u0131da ki tipik \u00f6rnekleridir. Jajce&#8217;de ki bu \u00f6rnekler \u00d6mer Bey&#8217;in Hanesi ve Kr\u0161lak&#8217;\u0131n Eski Evini ziyaret ederek g\u00f6r\u00fclebilir. \u00d6mer Bey&#8217;in Hanesi Travnik kap\u0131s\u0131n\u0131n yan\u0131nda bulunmaktad\u0131r. \u0130\u00e7 mimari, \u00f6zellikle kap\u0131lar ve tavan, a\u011fa\u00e7 \u00fczerinde el oymas\u0131 ile imar edilmi\u015ftir.<\/p>\n<p style=\"text-align: justify;\">\u00d6mer Bey&#8217;in Hanesinin i\u00e7erisinde bulunan Orta Bosna Kantonu Toplulu\u011fu Turist Ofisinden bilgi ve promosyon e\u015fyalar\u0131 alabilirsiniz.<\/p>\n<p style=\"text-align: justify;\">Krslak&#8217;\u0131n Eski Evi Kaleye giden yolda Bat\u0131 duvarlar\u0131 sonras\u0131nda bulunmaktad\u0131r ve i\u00e7 mimarisi \u015eehir Galerisi olarak kullan\u0131lmaktad\u0131r.<\/p>\n<\/p>\n<p style=\"text-align: justify;\"><strong><span style=\"text-decoration: underline;\">Maliye Binas\u0131, Eski \u0130lkokul, Sarenica <\/span><\/strong><\/p>\n<p style=\"text-align: justify;\">Avusturya-Macarsitan \u0130mparatorlu\u011fu d\u00f6neminden kalan bina kompleksi Jajce&#8217;nin cazibe merkezidir. Maliye, Eski \u0130lkokul ve Sarenica Aziz Luka Caddesinde, Aziz Luke \u00c7an kulesi ile Jajce Aziz Meryem Kilisesi ve Mezarl\u0131k yolu \u00fczerinde bulunmaktad\u0131r.<\/p>\n<p style=\"text-align: justify;\">19.y\u00fczy\u0131l sonlar\u0131ndan itiaren finans istasyonu Maliye binas\u0131na ta\u015f\u0131nd\u0131. Eski \u0130lkokul Jajce&#8217;de kurulan ilk ilkokuldur.<\/p>\n<p style=\"text-align: justify;\">Bug\u00fcn i\u00e7inde mineral ve fosil kal\u0131nt\u0131lar\u0131n\u0131n bulundu\u011fu bina, ta\u015f \u00f6rnekleri ve bir Etno M\u00fczesi bulunmaktad\u0131r. Sarenica yada di\u011fer ad\u0131 ile SARA\u00c7 EV\u0130, Sara\u00e7 ailesi i\u00e7in yap\u0131lm\u0131\u015f bir evdir ve uyumak i\u00e7in bir mekand\u0131r. 2. D\u00fcnya Sava\u015f\u0131 s\u0131ras\u0131nda Yeni Yugoslavya Telgraf Dairesi bu binada kurulmu\u015f ve ayr\u0131ca heykelt\u0131ra\u015f Antun Augustincic&#8217;in ofisi de burada bulunmakta idi.<\/p>\n","protected":false},"excerpt":{"rendered":"<p>Yama\u00e7larda, kale surlar\u0131 alt\u0131nda ve orta\u00e7a\u011f duvarlar\u0131 i\u00e7inde siyah ah\u015faptan yap\u0131lm\u0131\u015f dik \u00e7at\u0131l\u0131 evler,benzersiz bir ortam i\u00e7in, Osmanl\u0131 \u0130mparatorlu\u011fu d\u00f6nemi Jajce konut mimarisinin \u00e7ok say\u0131da ki tipik \u00f6rnekleridir. Jajce&#8217;de ki bu \u00f6rnekler \u00d6mer Bey&#8217;in Hanesi ve Kr\u0161lak&#8217;\u0131n Eski Evini ziyaret ederek g\u00f6r\u00fclebilir. \u00d6mer Bey&#8217;in Hanesi Travnik kap\u0131s\u0131n\u0131n yan\u0131nda bulunmaktad\u0131r. \u0130\u00e7 mimari, \u00f6zellikle kap\u0131lar ve tavan, a\u011fa\u00e7 \u00fczerinde el oymas\u0131 ile imar edilmi\u015ftir. \u00d6mer Bey&#8217;in Hanesinin i\u00e7erisinde bulunan Orta Bosna Kantonu Toplulu\u011fu Turist Ofisinden bilgi ve promosyon e\u015fyalar\u0131 alabilirsiniz. Krslak&#8217;\u0131n Eski Evi Kaleye giden yolda Bat\u0131 duvarlar\u0131 sonras\u0131nda bulunmaktad\u0131r ve i\u00e7 mimarisi \u015eehir Galerisi olarak kullan\u0131lmaktad\u0131r. Maliye Binas\u0131, Eski \u0130lkokul, Sarenica Avusturya-Macarsitan \u0130mparatorlu\u011fu d\u00f6neminden kalan bina kompleksi Jajce&#8217;nin cazibe&hellip;<\/p>\n","protected":false},"author":1,"featured_media":4358,"comment_status":"open","ping_status":"open","sticky":false,"template":"","format":"standard","meta":{"footnotes":""},"categories":[94],"tags":[],"class_list":["post-4357","post","type-post","status-publish","format-standard","has-post-thumbnail","hentry","category-turkish-tr"],"yoast_head":"<!-- This site is optimized with the Yoast SEO Premium plugin v21.2 (Yoast SEO v26.3) - https:\/\/yoast.com\/wordpress\/plugins\/seo\/ -->\n<title>Jajce&#039;de evler - JU \u201eAgencija za kulturno-povijesnu i prirodnu ba\u0161tinu i razvoj turisti\u010dkih potencijala grada Jajca\u201c<\/title>\n<meta name=\"robots\" content=\"index, follow, max-snippet:-1, max-image-preview:large, max-video-preview:-1\" \/>\n<link rel=\"canonical\" href=\"https:\/\/www.agencija-jajce.ba\/tr\/jajce-de-evler\/\" \/>\n<meta property=\"og:locale\" content=\"tr_TR\" \/>\n<meta property=\"og:type\" content=\"article\" \/>\n<meta property=\"og:title\" content=\"Jajce&#039;de evler\" \/>\n<meta property=\"og:description\" content=\"Yama\u00e7larda, kale surlar\u0131 alt\u0131nda ve orta\u00e7a\u011f duvarlar\u0131 i\u00e7inde siyah ah\u015faptan yap\u0131lm\u0131\u015f dik \u00e7at\u0131l\u0131 evler,benzersiz bir ortam i\u00e7in, Osmanl\u0131 \u0130mparatorlu\u011fu d\u00f6nemi Jajce konut mimarisinin \u00e7ok say\u0131da ki tipik \u00f6rnekleridir. Jajce&#8217;de ki bu \u00f6rnekler \u00d6mer Bey&#8217;in Hanesi ve Kr\u0161lak&#8217;\u0131n Eski Evini ziyaret ederek g\u00f6r\u00fclebilir. \u00d6mer Bey&#8217;in Hanesi Travnik kap\u0131s\u0131n\u0131n yan\u0131nda bulunmaktad\u0131r. \u0130\u00e7 mimari, \u00f6zellikle kap\u0131lar ve tavan, a\u011fa\u00e7 \u00fczerinde el oymas\u0131 ile imar edilmi\u015ftir. \u00d6mer Bey&#8217;in Hanesinin i\u00e7erisinde bulunan Orta Bosna Kantonu Toplulu\u011fu Turist Ofisinden bilgi ve promosyon e\u015fyalar\u0131 alabilirsiniz. Krslak&#8217;\u0131n Eski Evi Kaleye giden yolda Bat\u0131 duvarlar\u0131 sonras\u0131nda bulunmaktad\u0131r ve i\u00e7 mimarisi \u015eehir Galerisi olarak kullan\u0131lmaktad\u0131r. Maliye Binas\u0131, Eski \u0130lkokul, Sarenica Avusturya-Macarsitan \u0130mparatorlu\u011fu d\u00f6neminden kalan bina kompleksi Jajce&#8217;nin cazibe&hellip;\" \/>\n<meta property=\"og:url\" content=\"https:\/\/www.agencija-jajce.ba\/tr\/jajce-de-evler\/\" \/>\n<meta property=\"og:site_name\" content=\"JU \u201eAgencija za kulturno-povijesnu i prirodnu ba\u0161tinu i razvoj turisti\u010dkih potencijala grada Jajca\u201c\" \/>\n<meta property=\"article:published_time\" content=\"2017-03-04T22:01:27+00:00\" \/>\n<meta property=\"og:image\" content=\"https:\/\/www.agencija-jajce.ba\/wp-content\/uploads\/2017\/03\/kuce.jpg\" \/>\n\t<meta property=\"og:image:width\" content=\"500\" \/>\n\t<meta property=\"og:image:height\" content=\"284\" \/>\n\t<meta property=\"og:image:type\" content=\"image\/jpeg\" \/>\n<meta name=\"author\" content=\"Admin\" \/>\n<meta name=\"twitter:card\" content=\"summary_large_image\" \/>\n<meta name=\"twitter:label1\" content=\"Yazan:\" \/>\n\t<meta name=\"twitter:data1\" content=\"Admin\" \/>\n\t<meta name=\"twitter:label2\" content=\"Tahmini okuma s\u00fcresi\" \/>\n\t<meta name=\"twitter:data2\" content=\"1 dakika\" \/>\n<script type=\"application\/ld+json\" class=\"yoast-schema-graph\">{\"@context\":\"https:\/\/schema.org\",\"@graph\":[{\"@type\":\"Article\",\"@id\":\"https:\/\/www.agencija-jajce.ba\/tr\/jajce-de-evler\/#article\",\"isPartOf\":{\"@id\":\"https:\/\/www.agencija-jajce.ba\/tr\/jajce-de-evler\/\"},\"author\":{\"name\":\"Admin\",\"@id\":\"http:\/\/www.agencija-jajce.ba\/#\/schema\/person\/4d86f7882d1ed6bc5a0772d2a4aef29b\"},\"headline\":\"Jajce&#8217;de evler\",\"datePublished\":\"2017-03-04T22:01:27+00:00\",\"mainEntityOfPage\":{\"@id\":\"https:\/\/www.agencija-jajce.ba\/tr\/jajce-de-evler\/\"},\"wordCount\":259,\"commentCount\":0,\"publisher\":{\"@id\":\"http:\/\/www.agencija-jajce.ba\/#organization\"},\"image\":{\"@id\":\"https:\/\/www.agencija-jajce.ba\/tr\/jajce-de-evler\/#primaryimage\"},\"thumbnailUrl\":\"https:\/\/www.agencija-jajce.ba\/wp-content\/uploads\/2017\/03\/kuce.jpg\",\"articleSection\":[\"Turkish\"],\"inLanguage\":\"tr\"},{\"@type\":\"WebPage\",\"@id\":\"https:\/\/www.agencija-jajce.ba\/tr\/jajce-de-evler\/\",\"url\":\"https:\/\/www.agencija-jajce.ba\/tr\/jajce-de-evler\/\",\"name\":\"Jajce'de evler - JU \u201eAgencija za kulturno-povijesnu i prirodnu ba\u0161tinu i razvoj turisti\u010dkih potencijala grada Jajca\u201c\",\"isPartOf\":{\"@id\":\"http:\/\/www.agencija-jajce.ba\/#website\"},\"primaryImageOfPage\":{\"@id\":\"https:\/\/www.agencija-jajce.ba\/tr\/jajce-de-evler\/#primaryimage\"},\"image\":{\"@id\":\"https:\/\/www.agencija-jajce.ba\/tr\/jajce-de-evler\/#primaryimage\"},\"thumbnailUrl\":\"https:\/\/www.agencija-jajce.ba\/wp-content\/uploads\/2017\/03\/kuce.jpg\",\"datePublished\":\"2017-03-04T22:01:27+00:00\",\"breadcrumb\":{\"@id\":\"https:\/\/www.agencija-jajce.ba\/tr\/jajce-de-evler\/#breadcrumb\"},\"inLanguage\":\"tr\",\"potentialAction\":[{\"@type\":\"ReadAction\",\"target\":[\"https:\/\/www.agencija-jajce.ba\/tr\/jajce-de-evler\/\"]}]},{\"@type\":\"ImageObject\",\"inLanguage\":\"tr\",\"@id\":\"https:\/\/www.agencija-jajce.ba\/tr\/jajce-de-evler\/#primaryimage\",\"url\":\"https:\/\/www.agencija-jajce.ba\/wp-content\/uploads\/2017\/03\/kuce.jpg\",\"contentUrl\":\"https:\/\/www.agencija-jajce.ba\/wp-content\/uploads\/2017\/03\/kuce.jpg\",\"width\":500,\"height\":284},{\"@type\":\"BreadcrumbList\",\"@id\":\"https:\/\/www.agencija-jajce.ba\/tr\/jajce-de-evler\/#breadcrumb\",\"itemListElement\":[{\"@type\":\"ListItem\",\"position\":1,\"name\":\"Home\",\"item\":\"https:\/\/www.agencija-jajce.ba\/tr\/\"},{\"@type\":\"ListItem\",\"position\":2,\"name\":\"Jajce&#8217;de evler\"}]},{\"@type\":\"WebSite\",\"@id\":\"http:\/\/www.agencija-jajce.ba\/#website\",\"url\":\"http:\/\/www.agencija-jajce.ba\/\",\"name\":\"JU \u201eAgencija za kulturno-povijesnu i prirodnu ba\u0161tinu i razvoj turisti\u010dkih potencijala grada Jajca\u201c\",\"description\":\"\",\"publisher\":{\"@id\":\"http:\/\/www.agencija-jajce.ba\/#organization\"},\"potentialAction\":[{\"@type\":\"SearchAction\",\"target\":{\"@type\":\"EntryPoint\",\"urlTemplate\":\"http:\/\/www.agencija-jajce.ba\/?s={search_term_string}\"},\"query-input\":{\"@type\":\"PropertyValueSpecification\",\"valueRequired\":true,\"valueName\":\"search_term_string\"}}],\"inLanguage\":\"tr\"},{\"@type\":\"Organization\",\"@id\":\"http:\/\/www.agencija-jajce.ba\/#organization\",\"name\":\"JU \u201eAgencija Jajce\u201c\",\"url\":\"http:\/\/www.agencija-jajce.ba\/\",\"logo\":{\"@type\":\"ImageObject\",\"inLanguage\":\"tr\",\"@id\":\"http:\/\/www.agencija-jajce.ba\/#\/schema\/logo\/image\/\",\"url\":\"https:\/\/www.agencija-jajce.ba\/wp-content\/uploads\/2020\/05\/Agencija-logo-color.png\",\"contentUrl\":\"https:\/\/www.agencija-jajce.ba\/wp-content\/uploads\/2020\/05\/Agencija-logo-color.png\",\"width\":1359,\"height\":1464,\"caption\":\"JU \u201eAgencija Jajce\u201c\"},\"image\":{\"@id\":\"http:\/\/www.agencija-jajce.ba\/#\/schema\/logo\/image\/\"}},{\"@type\":\"Person\",\"@id\":\"http:\/\/www.agencija-jajce.ba\/#\/schema\/person\/4d86f7882d1ed6bc5a0772d2a4aef29b\",\"name\":\"Admin\",\"image\":{\"@type\":\"ImageObject\",\"inLanguage\":\"tr\",\"@id\":\"http:\/\/www.agencija-jajce.ba\/#\/schema\/person\/image\/\",\"url\":\"https:\/\/secure.gravatar.com\/avatar\/cabec6f085012315bcbd5f51741e9ba9f360e7567799100769c58a28c83c6574?s=96&d=mm&r=g\",\"contentUrl\":\"https:\/\/secure.gravatar.com\/avatar\/cabec6f085012315bcbd5f51741e9ba9f360e7567799100769c58a28c83c6574?s=96&d=mm&r=g\",\"caption\":\"Admin\"}}]}<\/script>\n<!-- \/ Yoast SEO Premium plugin. -->","yoast_head_json":{"title":"Jajce'de evler - JU \u201eAgencija za kulturno-povijesnu i prirodnu ba\u0161tinu i razvoj turisti\u010dkih potencijala grada Jajca\u201c","robots":{"index":"index","follow":"follow","max-snippet":"max-snippet:-1","max-image-preview":"max-image-preview:large","max-video-preview":"max-video-preview:-1"},"canonical":"https:\/\/www.agencija-jajce.ba\/tr\/jajce-de-evler\/","og_locale":"tr_TR","og_type":"article","og_title":"Jajce'de evler","og_description":"Yama\u00e7larda, kale surlar\u0131 alt\u0131nda ve orta\u00e7a\u011f duvarlar\u0131 i\u00e7inde siyah ah\u015faptan yap\u0131lm\u0131\u015f dik \u00e7at\u0131l\u0131 evler,benzersiz bir ortam i\u00e7in, Osmanl\u0131 \u0130mparatorlu\u011fu d\u00f6nemi Jajce konut mimarisinin \u00e7ok say\u0131da ki tipik \u00f6rnekleridir. Jajce&#8217;de ki bu \u00f6rnekler \u00d6mer Bey&#8217;in Hanesi ve Kr\u0161lak&#8217;\u0131n Eski Evini ziyaret ederek g\u00f6r\u00fclebilir. \u00d6mer Bey&#8217;in Hanesi Travnik kap\u0131s\u0131n\u0131n yan\u0131nda bulunmaktad\u0131r. \u0130\u00e7 mimari, \u00f6zellikle kap\u0131lar ve tavan, a\u011fa\u00e7 \u00fczerinde el oymas\u0131 ile imar edilmi\u015ftir. \u00d6mer Bey&#8217;in Hanesinin i\u00e7erisinde bulunan Orta Bosna Kantonu Toplulu\u011fu Turist Ofisinden bilgi ve promosyon e\u015fyalar\u0131 alabilirsiniz. Krslak&#8217;\u0131n Eski Evi Kaleye giden yolda Bat\u0131 duvarlar\u0131 sonras\u0131nda bulunmaktad\u0131r ve i\u00e7 mimarisi \u015eehir Galerisi olarak kullan\u0131lmaktad\u0131r. Maliye Binas\u0131, Eski \u0130lkokul, Sarenica Avusturya-Macarsitan \u0130mparatorlu\u011fu d\u00f6neminden kalan bina kompleksi Jajce&#8217;nin cazibe&hellip;","og_url":"https:\/\/www.agencija-jajce.ba\/tr\/jajce-de-evler\/","og_site_name":"JU \u201eAgencija za kulturno-povijesnu i prirodnu ba\u0161tinu i razvoj turisti\u010dkih potencijala grada Jajca\u201c","article_published_time":"2017-03-04T22:01:27+00:00","og_image":[{"width":500,"height":284,"url":"https:\/\/www.agencija-jajce.ba\/wp-content\/uploads\/2017\/03\/kuce.jpg","type":"image\/jpeg"}],"author":"Admin","twitter_card":"summary_large_image","twitter_misc":{"Yazan:":"Admin","Tahmini okuma s\u00fcresi":"1 dakika"},"schema":{"@context":"https:\/\/schema.org","@graph":[{"@type":"Article","@id":"https:\/\/www.agencija-jajce.ba\/tr\/jajce-de-evler\/#article","isPartOf":{"@id":"https:\/\/www.agencija-jajce.ba\/tr\/jajce-de-evler\/"},"author":{"name":"Admin","@id":"http:\/\/www.agencija-jajce.ba\/#\/schema\/person\/4d86f7882d1ed6bc5a0772d2a4aef29b"},"headline":"Jajce&#8217;de evler","datePublished":"2017-03-04T22:01:27+00:00","mainEntityOfPage":{"@id":"https:\/\/www.agencija-jajce.ba\/tr\/jajce-de-evler\/"},"wordCount":259,"commentCount":0,"publisher":{"@id":"http:\/\/www.agencija-jajce.ba\/#organization"},"image":{"@id":"https:\/\/www.agencija-jajce.ba\/tr\/jajce-de-evler\/#primaryimage"},"thumbnailUrl":"https:\/\/www.agencija-jajce.ba\/wp-content\/uploads\/2017\/03\/kuce.jpg","articleSection":["Turkish"],"inLanguage":"tr"},{"@type":"WebPage","@id":"https:\/\/www.agencija-jajce.ba\/tr\/jajce-de-evler\/","url":"https:\/\/www.agencija-jajce.ba\/tr\/jajce-de-evler\/","name":"Jajce'de evler - JU \u201eAgencija za kulturno-povijesnu i prirodnu ba\u0161tinu i razvoj turisti\u010dkih potencijala grada Jajca\u201c","isPartOf":{"@id":"http:\/\/www.agencija-jajce.ba\/#website"},"primaryImageOfPage":{"@id":"https:\/\/www.agencija-jajce.ba\/tr\/jajce-de-evler\/#primaryimage"},"image":{"@id":"https:\/\/www.agencija-jajce.ba\/tr\/jajce-de-evler\/#primaryimage"},"thumbnailUrl":"https:\/\/www.agencija-jajce.ba\/wp-content\/uploads\/2017\/03\/kuce.jpg","datePublished":"2017-03-04T22:01:27+00:00","breadcrumb":{"@id":"https:\/\/www.agencija-jajce.ba\/tr\/jajce-de-evler\/#breadcrumb"},"inLanguage":"tr","potentialAction":[{"@type":"ReadAction","target":["https:\/\/www.agencija-jajce.ba\/tr\/jajce-de-evler\/"]}]},{"@type":"ImageObject","inLanguage":"tr","@id":"https:\/\/www.agencija-jajce.ba\/tr\/jajce-de-evler\/#primaryimage","url":"https:\/\/www.agencija-jajce.ba\/wp-content\/uploads\/2017\/03\/kuce.jpg","contentUrl":"https:\/\/www.agencija-jajce.ba\/wp-content\/uploads\/2017\/03\/kuce.jpg","width":500,"height":284},{"@type":"BreadcrumbList","@id":"https:\/\/www.agencija-jajce.ba\/tr\/jajce-de-evler\/#breadcrumb","itemListElement":[{"@type":"ListItem","position":1,"name":"Home","item":"https:\/\/www.agencija-jajce.ba\/tr\/"},{"@type":"ListItem","position":2,"name":"Jajce&#8217;de evler"}]},{"@type":"WebSite","@id":"http:\/\/www.agencija-jajce.ba\/#website","url":"http:\/\/www.agencija-jajce.ba\/","name":"JU \u201eAgencija za kulturno-povijesnu i prirodnu ba\u0161tinu i razvoj turisti\u010dkih potencijala grada Jajca\u201c","description":"","publisher":{"@id":"http:\/\/www.agencija-jajce.ba\/#organization"},"potentialAction":[{"@type":"SearchAction","target":{"@type":"EntryPoint","urlTemplate":"http:\/\/www.agencija-jajce.ba\/?s={search_term_string}"},"query-input":{"@type":"PropertyValueSpecification","valueRequired":true,"valueName":"search_term_string"}}],"inLanguage":"tr"},{"@type":"Organization","@id":"http:\/\/www.agencija-jajce.ba\/#organization","name":"JU \u201eAgencija Jajce\u201c","url":"http:\/\/www.agencija-jajce.ba\/","logo":{"@type":"ImageObject","inLanguage":"tr","@id":"http:\/\/www.agencija-jajce.ba\/#\/schema\/logo\/image\/","url":"https:\/\/www.agencija-jajce.ba\/wp-content\/uploads\/2020\/05\/Agencija-logo-color.png","contentUrl":"https:\/\/www.agencija-jajce.ba\/wp-content\/uploads\/2020\/05\/Agencija-logo-color.png","width":1359,"height":1464,"caption":"JU \u201eAgencija Jajce\u201c"},"image":{"@id":"http:\/\/www.agencija-jajce.ba\/#\/schema\/logo\/image\/"}},{"@type":"Person","@id":"http:\/\/www.agencija-jajce.ba\/#\/schema\/person\/4d86f7882d1ed6bc5a0772d2a4aef29b","name":"Admin","image":{"@type":"ImageObject","inLanguage":"tr","@id":"http:\/\/www.agencija-jajce.ba\/#\/schema\/person\/image\/","url":"https:\/\/secure.gravatar.com\/avatar\/cabec6f085012315bcbd5f51741e9ba9f360e7567799100769c58a28c83c6574?s=96&d=mm&r=g","contentUrl":"https:\/\/secure.gravatar.com\/avatar\/cabec6f085012315bcbd5f51741e9ba9f360e7567799100769c58a28c83c6574?s=96&d=mm&r=g","caption":"Admin"}}]}},"_links":{"self":[{"href":"https:\/\/www.agencija-jajce.ba\/tr\/wp-json\/wp\/v2\/posts\/4357","targetHints":{"allow":["GET"]}}],"collection":[{"href":"https:\/\/www.agencija-jajce.ba\/tr\/wp-json\/wp\/v2\/posts"}],"about":[{"href":"https:\/\/www.agencija-jajce.ba\/tr\/wp-json\/wp\/v2\/types\/post"}],"author":[{"embeddable":true,"href":"https:\/\/www.agencija-jajce.ba\/tr\/wp-json\/wp\/v2\/users\/1"}],"replies":[{"embeddable":true,"href":"https:\/\/www.agencija-jajce.ba\/tr\/wp-json\/wp\/v2\/comments?post=4357"}],"version-history":[{"count":0,"href":"https:\/\/www.agencija-jajce.ba\/tr\/wp-json\/wp\/v2\/posts\/4357\/revisions"}],"wp:featuredmedia":[{"embeddable":true,"href":"https:\/\/www.agencija-jajce.ba\/tr\/wp-json\/wp\/v2\/media\/4358"}],"wp:attachment":[{"href":"https:\/\/www.agencija-jajce.ba\/tr\/wp-json\/wp\/v2\/media?parent=4357"}],"wp:term":[{"taxonomy":"category","embeddable":true,"href":"https:\/\/www.agencija-jajce.ba\/tr\/wp-json\/wp\/v2\/categories?post=4357"},{"taxonomy":"post_tag","embeddable":true,"href":"https:\/\/www.agencija-jajce.ba\/tr\/wp-json\/wp\/v2\/tags?post=4357"}],"curies":[{"name":"wp","href":"https:\/\/api.w.org\/{rel}","templated":true}]}}