{"id":4317,"date":"2017-03-04T22:05:43","date_gmt":"2017-03-04T22:05:43","guid":{"rendered":"https:\/\/www.agencija-jajce.ba\/muzeum-drugiej-sesji-avnoj\/"},"modified":"2017-03-04T22:05:43","modified_gmt":"2017-03-04T22:05:43","slug":"muzeum-drugiej-sesji-avnoj","status":"publish","type":"post","link":"https:\/\/www.agencija-jajce.ba\/pl\/muzeum-drugiej-sesji-avnoj\/","title":{"rendered":"Muzeum Drugiej Sesji AVNOJ"},"content":{"rendered":"<p style=\"text-align: justify;\">Muzeum Drugiej Sesji AVNOJ jest jednym z wielu muze\u00f3w w Europie po\u015bwi\u0119conych antyfaszystowskiej tematyce.Muzeum powsta\u0142o w 1953 roku jako centralna, jugos\u0142owia\u0144ska instytucja pami\u0105tkowa tego okresu.<\/p>\n<\/p>\n<p style=\"text-align: justify;\">W dniach 29 i 30 listopada 1943 w tym budynku odby\u0142o si\u0119 drugie posiedzenie Rady Antyfaszystowskiego Wyzwolenia Narodowego Jugos\u0142awii (AVNOJ), na kt\u00f3rym przedstawiciele Bo\u015bni i Hercegowiny, Chorwacji, Serbii, Czarnog\u00f3ry, Macedonii i S\u0142owenii, kt\u00f3rzy zrzekli si\u0119 pewnych element\u00f3w swojej suwerenno\u015bci, stworzenia Socjalistyczn\u0105 Federacyjn\u0119 Republiki Jugos\u0142awii. Ekspozycja muzeum, obok oryginalnych krzese\u0142 Tity, dw\u00f3ch foteli i krzes\u0142a z oryginalnych Drugiej Sesji AVNOJ, zawiera portrety malarza Djordje Andrejevic Kun, dzia\u0142a malarz Bozidar Jaka\u0107, jak r\u00f3wnie\u017c bibliotek\u0119.<\/p>\n<p><img decoding=\"async\" class=\" size-full wp-image-59\" src=\"https:\/\/www.agencija-jajce.ba\/wp-content\/uploads\/2017\/03\/avnoj.jpg\" width=\"500\" height=\"333\" border=\"0\" srcset=\"https:\/\/www.agencija-jajce.ba\/wp-content\/uploads\/2017\/03\/avnoj.jpg 500w, https:\/\/www.agencija-jajce.ba\/wp-content\/uploads\/2017\/03\/avnoj-300x200.jpg 300w\" sizes=\"(max-width: 500px) 100vw, 500px\" \/><\/p>\n<p style=\"text-align: justify;\">Muzeum znajduje si\u0119 w pobli\u017cu dworca autobusowego i wodospadu. Oferuje tak\u017ce wycieczki z przewodnikiem w j\u0119zyku angielskim. Otwarte jest codziennie, w godzinach od 09.00 do 17.00.<\/p>\n<p style=\"text-align: justify;\"><strong>Informacje kontaktowe: <\/strong><br \/>l. II AVNOJ bb <br \/>Numer ID: 4236452380003<br \/> tel: (0) 30657998 <br \/>mail: <a href=\"mailto:info@muzejavnoj.ba\">info@muzejavnoj.ba<\/a><span style=\"display: none;\">Ten adres pocztowy jest chroniony przed spamowaniem. Aby go zobaczy\u0107, konieczne jest w\u0142\u0105czenie obs\u0142ugi JavaScript. <\/span> | <a href=\"mailto:biblioteka@muzejavnoj.ba\">biblioteka@muzejavnoj.ba<\/a><span style=\"display: none;\">Ten adres pocztowy jest chroniony przed spamowaniem. Aby go zobaczy\u0107, konieczne jest w\u0142\u0105czenie obs\u0142ugi JavaScript. <\/span> | <a href=\"mailto:direktor@muzejavnoj.ba\">direktor@muzejavnoj.ba<\/a><span style=\"display: none;\">Ten adres pocztowy jest chroniony przed spamowaniem. Aby go zobaczy\u0107, konieczne jest w\u0142\u0105czenie obs\u0142ugi JavaScript. <\/span> <br \/>www.muzejavnoj.ba<\/p>\n<p style=\"text-align: justify;\">\u00a0<\/p>\n","protected":false},"excerpt":{"rendered":"<p>Muzeum Drugiej Sesji AVNOJ jest jednym z wielu muze\u00f3w w Europie po\u015bwi\u0119conych antyfaszystowskiej tematyce.Muzeum powsta\u0142o w 1953 roku jako centralna, jugos\u0142owia\u0144ska instytucja pami\u0105tkowa tego okresu. W dniach 29 i 30 listopada 1943 w tym budynku odby\u0142o si\u0119 drugie posiedzenie Rady Antyfaszystowskiego Wyzwolenia Narodowego Jugos\u0142awii (AVNOJ), na kt\u00f3rym przedstawiciele Bo\u015bni i Hercegowiny, Chorwacji, Serbii, Czarnog\u00f3ry, Macedonii i S\u0142owenii, kt\u00f3rzy zrzekli si\u0119 pewnych element\u00f3w swojej suwerenno\u015bci, stworzenia Socjalistyczn\u0105 Federacyjn\u0119 Republiki Jugos\u0142awii. Ekspozycja muzeum, obok oryginalnych krzese\u0142 Tity, dw\u00f3ch foteli i krzes\u0142a z oryginalnych Drugiej Sesji AVNOJ, zawiera portrety malarza Djordje Andrejevic Kun, dzia\u0142a malarz Bozidar Jaka\u0107, jak r\u00f3wnie\u017c bibliotek\u0119. Muzeum znajduje si\u0119 w pobli\u017cu dworca autobusowego i wodospadu. Oferuje tak\u017ce&hellip;<\/p>\n","protected":false},"author":1,"featured_media":4318,"comment_status":"open","ping_status":"open","sticky":false,"template":"","format":"standard","meta":{"footnotes":""},"categories":[93],"tags":[],"class_list":["post-4317","post","type-post","status-publish","format-standard","has-post-thumbnail","hentry","category-polish-pl"],"yoast_head":"<!-- This site is optimized with the Yoast SEO Premium plugin v21.2 (Yoast SEO v26.3) - https:\/\/yoast.com\/wordpress\/plugins\/seo\/ -->\n<title>Muzeum Drugiej Sesji AVNOJ - JU \u201eAgencija za kulturno-povijesnu i prirodnu ba\u0161tinu i razvoj turisti\u010dkih potencijala grada Jajca\u201c<\/title>\n<meta name=\"robots\" content=\"index, follow, max-snippet:-1, max-image-preview:large, max-video-preview:-1\" \/>\n<link rel=\"canonical\" href=\"https:\/\/www.agencija-jajce.ba\/pl\/muzeum-drugiej-sesji-avnoj\/\" \/>\n<meta property=\"og:locale\" content=\"pl_PL\" \/>\n<meta property=\"og:type\" content=\"article\" \/>\n<meta property=\"og:title\" content=\"Muzeum Drugiej Sesji AVNOJ\" \/>\n<meta property=\"og:description\" content=\"Muzeum Drugiej Sesji AVNOJ jest jednym z wielu muze\u00f3w w Europie po\u015bwi\u0119conych antyfaszystowskiej tematyce.Muzeum powsta\u0142o w 1953 roku jako centralna, jugos\u0142owia\u0144ska instytucja pami\u0105tkowa tego okresu. W dniach 29 i 30 listopada 1943 w tym budynku odby\u0142o si\u0119 drugie posiedzenie Rady Antyfaszystowskiego Wyzwolenia Narodowego Jugos\u0142awii (AVNOJ), na kt\u00f3rym przedstawiciele Bo\u015bni i Hercegowiny, Chorwacji, Serbii, Czarnog\u00f3ry, Macedonii i S\u0142owenii, kt\u00f3rzy zrzekli si\u0119 pewnych element\u00f3w swojej suwerenno\u015bci, stworzenia Socjalistyczn\u0105 Federacyjn\u0119 Republiki Jugos\u0142awii. Ekspozycja muzeum, obok oryginalnych krzese\u0142 Tity, dw\u00f3ch foteli i krzes\u0142a z oryginalnych Drugiej Sesji AVNOJ, zawiera portrety malarza Djordje Andrejevic Kun, dzia\u0142a malarz Bozidar Jaka\u0107, jak r\u00f3wnie\u017c bibliotek\u0119. Muzeum znajduje si\u0119 w pobli\u017cu dworca autobusowego i wodospadu. Oferuje tak\u017ce&hellip;\" \/>\n<meta property=\"og:url\" content=\"https:\/\/www.agencija-jajce.ba\/pl\/muzeum-drugiej-sesji-avnoj\/\" \/>\n<meta property=\"og:site_name\" content=\"JU \u201eAgencija za kulturno-povijesnu i prirodnu ba\u0161tinu i razvoj turisti\u010dkih potencijala grada Jajca\u201c\" \/>\n<meta property=\"article:published_time\" content=\"2017-03-04T22:05:43+00:00\" \/>\n<meta property=\"og:image\" content=\"https:\/\/www.agencija-jajce.ba\/wp-content\/uploads\/2017\/03\/avnoj2.jpg\" \/>\n\t<meta property=\"og:image:width\" content=\"500\" \/>\n\t<meta property=\"og:image:height\" content=\"333\" \/>\n\t<meta property=\"og:image:type\" content=\"image\/jpeg\" \/>\n<meta name=\"author\" content=\"Admin\" \/>\n<meta name=\"twitter:card\" content=\"summary_large_image\" \/>\n<meta name=\"twitter:label1\" content=\"Napisane przez\" \/>\n\t<meta name=\"twitter:data1\" content=\"Admin\" \/>\n\t<meta name=\"twitter:label2\" content=\"Szacowany czas czytania\" \/>\n\t<meta name=\"twitter:data2\" content=\"1 minuta\" \/>\n<script type=\"application\/ld+json\" class=\"yoast-schema-graph\">{\"@context\":\"https:\/\/schema.org\",\"@graph\":[{\"@type\":\"Article\",\"@id\":\"https:\/\/www.agencija-jajce.ba\/pl\/muzeum-drugiej-sesji-avnoj\/#article\",\"isPartOf\":{\"@id\":\"https:\/\/www.agencija-jajce.ba\/pl\/muzeum-drugiej-sesji-avnoj\/\"},\"author\":{\"name\":\"Admin\",\"@id\":\"http:\/\/www.agencija-jajce.ba\/#\/schema\/person\/4d86f7882d1ed6bc5a0772d2a4aef29b\"},\"headline\":\"Muzeum Drugiej Sesji AVNOJ\",\"datePublished\":\"2017-03-04T22:05:43+00:00\",\"mainEntityOfPage\":{\"@id\":\"https:\/\/www.agencija-jajce.ba\/pl\/muzeum-drugiej-sesji-avnoj\/\"},\"wordCount\":219,\"commentCount\":0,\"publisher\":{\"@id\":\"http:\/\/www.agencija-jajce.ba\/#organization\"},\"image\":{\"@id\":\"https:\/\/www.agencija-jajce.ba\/pl\/muzeum-drugiej-sesji-avnoj\/#primaryimage\"},\"thumbnailUrl\":\"https:\/\/www.agencija-jajce.ba\/wp-content\/uploads\/2017\/03\/avnoj2.jpg\",\"articleSection\":[\"Polish\"],\"inLanguage\":\"pl-PL\"},{\"@type\":\"WebPage\",\"@id\":\"https:\/\/www.agencija-jajce.ba\/pl\/muzeum-drugiej-sesji-avnoj\/\",\"url\":\"https:\/\/www.agencija-jajce.ba\/pl\/muzeum-drugiej-sesji-avnoj\/\",\"name\":\"Muzeum Drugiej Sesji AVNOJ - JU \u201eAgencija za kulturno-povijesnu i prirodnu ba\u0161tinu i razvoj turisti\u010dkih potencijala grada Jajca\u201c\",\"isPartOf\":{\"@id\":\"http:\/\/www.agencija-jajce.ba\/#website\"},\"primaryImageOfPage\":{\"@id\":\"https:\/\/www.agencija-jajce.ba\/pl\/muzeum-drugiej-sesji-avnoj\/#primaryimage\"},\"image\":{\"@id\":\"https:\/\/www.agencija-jajce.ba\/pl\/muzeum-drugiej-sesji-avnoj\/#primaryimage\"},\"thumbnailUrl\":\"https:\/\/www.agencija-jajce.ba\/wp-content\/uploads\/2017\/03\/avnoj2.jpg\",\"datePublished\":\"2017-03-04T22:05:43+00:00\",\"breadcrumb\":{\"@id\":\"https:\/\/www.agencija-jajce.ba\/pl\/muzeum-drugiej-sesji-avnoj\/#breadcrumb\"},\"inLanguage\":\"pl-PL\",\"potentialAction\":[{\"@type\":\"ReadAction\",\"target\":[\"https:\/\/www.agencija-jajce.ba\/pl\/muzeum-drugiej-sesji-avnoj\/\"]}]},{\"@type\":\"ImageObject\",\"inLanguage\":\"pl-PL\",\"@id\":\"https:\/\/www.agencija-jajce.ba\/pl\/muzeum-drugiej-sesji-avnoj\/#primaryimage\",\"url\":\"https:\/\/www.agencija-jajce.ba\/wp-content\/uploads\/2017\/03\/avnoj2.jpg\",\"contentUrl\":\"https:\/\/www.agencija-jajce.ba\/wp-content\/uploads\/2017\/03\/avnoj2.jpg\",\"width\":500,\"height\":333},{\"@type\":\"BreadcrumbList\",\"@id\":\"https:\/\/www.agencija-jajce.ba\/pl\/muzeum-drugiej-sesji-avnoj\/#breadcrumb\",\"itemListElement\":[{\"@type\":\"ListItem\",\"position\":1,\"name\":\"Home\",\"item\":\"http:\/\/www.agencija-jajce.ba\/pl\/\"},{\"@type\":\"ListItem\",\"position\":2,\"name\":\"Muzeum Drugiej Sesji AVNOJ\"}]},{\"@type\":\"WebSite\",\"@id\":\"http:\/\/www.agencija-jajce.ba\/#website\",\"url\":\"http:\/\/www.agencija-jajce.ba\/\",\"name\":\"JU \u201eAgencija za kulturno-povijesnu i prirodnu ba\u0161tinu i razvoj turisti\u010dkih potencijala grada Jajca\u201c\",\"description\":\"\",\"publisher\":{\"@id\":\"http:\/\/www.agencija-jajce.ba\/#organization\"},\"potentialAction\":[{\"@type\":\"SearchAction\",\"target\":{\"@type\":\"EntryPoint\",\"urlTemplate\":\"http:\/\/www.agencija-jajce.ba\/?s={search_term_string}\"},\"query-input\":{\"@type\":\"PropertyValueSpecification\",\"valueRequired\":true,\"valueName\":\"search_term_string\"}}],\"inLanguage\":\"pl-PL\"},{\"@type\":\"Organization\",\"@id\":\"http:\/\/www.agencija-jajce.ba\/#organization\",\"name\":\"JU \u201eAgencija Jajce\u201c\",\"url\":\"http:\/\/www.agencija-jajce.ba\/\",\"logo\":{\"@type\":\"ImageObject\",\"inLanguage\":\"pl-PL\",\"@id\":\"http:\/\/www.agencija-jajce.ba\/#\/schema\/logo\/image\/\",\"url\":\"https:\/\/www.agencija-jajce.ba\/wp-content\/uploads\/2020\/05\/Agencija-logo-color.png\",\"contentUrl\":\"https:\/\/www.agencija-jajce.ba\/wp-content\/uploads\/2020\/05\/Agencija-logo-color.png\",\"width\":1359,\"height\":1464,\"caption\":\"JU \u201eAgencija Jajce\u201c\"},\"image\":{\"@id\":\"http:\/\/www.agencija-jajce.ba\/#\/schema\/logo\/image\/\"}},{\"@type\":\"Person\",\"@id\":\"http:\/\/www.agencija-jajce.ba\/#\/schema\/person\/4d86f7882d1ed6bc5a0772d2a4aef29b\",\"name\":\"Admin\",\"image\":{\"@type\":\"ImageObject\",\"inLanguage\":\"pl-PL\",\"@id\":\"http:\/\/www.agencija-jajce.ba\/#\/schema\/person\/image\/\",\"url\":\"https:\/\/secure.gravatar.com\/avatar\/cabec6f085012315bcbd5f51741e9ba9f360e7567799100769c58a28c83c6574?s=96&d=mm&r=g\",\"contentUrl\":\"https:\/\/secure.gravatar.com\/avatar\/cabec6f085012315bcbd5f51741e9ba9f360e7567799100769c58a28c83c6574?s=96&d=mm&r=g\",\"caption\":\"Admin\"}}]}<\/script>\n<!-- \/ Yoast SEO Premium plugin. -->","yoast_head_json":{"title":"Muzeum Drugiej Sesji AVNOJ - JU \u201eAgencija za kulturno-povijesnu i prirodnu ba\u0161tinu i razvoj turisti\u010dkih potencijala grada Jajca\u201c","robots":{"index":"index","follow":"follow","max-snippet":"max-snippet:-1","max-image-preview":"max-image-preview:large","max-video-preview":"max-video-preview:-1"},"canonical":"https:\/\/www.agencija-jajce.ba\/pl\/muzeum-drugiej-sesji-avnoj\/","og_locale":"pl_PL","og_type":"article","og_title":"Muzeum Drugiej Sesji AVNOJ","og_description":"Muzeum Drugiej Sesji AVNOJ jest jednym z wielu muze\u00f3w w Europie po\u015bwi\u0119conych antyfaszystowskiej tematyce.Muzeum powsta\u0142o w 1953 roku jako centralna, jugos\u0142owia\u0144ska instytucja pami\u0105tkowa tego okresu. W dniach 29 i 30 listopada 1943 w tym budynku odby\u0142o si\u0119 drugie posiedzenie Rady Antyfaszystowskiego Wyzwolenia Narodowego Jugos\u0142awii (AVNOJ), na kt\u00f3rym przedstawiciele Bo\u015bni i Hercegowiny, Chorwacji, Serbii, Czarnog\u00f3ry, Macedonii i S\u0142owenii, kt\u00f3rzy zrzekli si\u0119 pewnych element\u00f3w swojej suwerenno\u015bci, stworzenia Socjalistyczn\u0105 Federacyjn\u0119 Republiki Jugos\u0142awii. Ekspozycja muzeum, obok oryginalnych krzese\u0142 Tity, dw\u00f3ch foteli i krzes\u0142a z oryginalnych Drugiej Sesji AVNOJ, zawiera portrety malarza Djordje Andrejevic Kun, dzia\u0142a malarz Bozidar Jaka\u0107, jak r\u00f3wnie\u017c bibliotek\u0119. Muzeum znajduje si\u0119 w pobli\u017cu dworca autobusowego i wodospadu. Oferuje tak\u017ce&hellip;","og_url":"https:\/\/www.agencija-jajce.ba\/pl\/muzeum-drugiej-sesji-avnoj\/","og_site_name":"JU \u201eAgencija za kulturno-povijesnu i prirodnu ba\u0161tinu i razvoj turisti\u010dkih potencijala grada Jajca\u201c","article_published_time":"2017-03-04T22:05:43+00:00","og_image":[{"width":500,"height":333,"url":"https:\/\/www.agencija-jajce.ba\/wp-content\/uploads\/2017\/03\/avnoj2.jpg","type":"image\/jpeg"}],"author":"Admin","twitter_card":"summary_large_image","twitter_misc":{"Napisane przez":"Admin","Szacowany czas czytania":"1 minuta"},"schema":{"@context":"https:\/\/schema.org","@graph":[{"@type":"Article","@id":"https:\/\/www.agencija-jajce.ba\/pl\/muzeum-drugiej-sesji-avnoj\/#article","isPartOf":{"@id":"https:\/\/www.agencija-jajce.ba\/pl\/muzeum-drugiej-sesji-avnoj\/"},"author":{"name":"Admin","@id":"http:\/\/www.agencija-jajce.ba\/#\/schema\/person\/4d86f7882d1ed6bc5a0772d2a4aef29b"},"headline":"Muzeum Drugiej Sesji AVNOJ","datePublished":"2017-03-04T22:05:43+00:00","mainEntityOfPage":{"@id":"https:\/\/www.agencija-jajce.ba\/pl\/muzeum-drugiej-sesji-avnoj\/"},"wordCount":219,"commentCount":0,"publisher":{"@id":"http:\/\/www.agencija-jajce.ba\/#organization"},"image":{"@id":"https:\/\/www.agencija-jajce.ba\/pl\/muzeum-drugiej-sesji-avnoj\/#primaryimage"},"thumbnailUrl":"https:\/\/www.agencija-jajce.ba\/wp-content\/uploads\/2017\/03\/avnoj2.jpg","articleSection":["Polish"],"inLanguage":"pl-PL"},{"@type":"WebPage","@id":"https:\/\/www.agencija-jajce.ba\/pl\/muzeum-drugiej-sesji-avnoj\/","url":"https:\/\/www.agencija-jajce.ba\/pl\/muzeum-drugiej-sesji-avnoj\/","name":"Muzeum Drugiej Sesji AVNOJ - JU \u201eAgencija za kulturno-povijesnu i prirodnu ba\u0161tinu i razvoj turisti\u010dkih potencijala grada Jajca\u201c","isPartOf":{"@id":"http:\/\/www.agencija-jajce.ba\/#website"},"primaryImageOfPage":{"@id":"https:\/\/www.agencija-jajce.ba\/pl\/muzeum-drugiej-sesji-avnoj\/#primaryimage"},"image":{"@id":"https:\/\/www.agencija-jajce.ba\/pl\/muzeum-drugiej-sesji-avnoj\/#primaryimage"},"thumbnailUrl":"https:\/\/www.agencija-jajce.ba\/wp-content\/uploads\/2017\/03\/avnoj2.jpg","datePublished":"2017-03-04T22:05:43+00:00","breadcrumb":{"@id":"https:\/\/www.agencija-jajce.ba\/pl\/muzeum-drugiej-sesji-avnoj\/#breadcrumb"},"inLanguage":"pl-PL","potentialAction":[{"@type":"ReadAction","target":["https:\/\/www.agencija-jajce.ba\/pl\/muzeum-drugiej-sesji-avnoj\/"]}]},{"@type":"ImageObject","inLanguage":"pl-PL","@id":"https:\/\/www.agencija-jajce.ba\/pl\/muzeum-drugiej-sesji-avnoj\/#primaryimage","url":"https:\/\/www.agencija-jajce.ba\/wp-content\/uploads\/2017\/03\/avnoj2.jpg","contentUrl":"https:\/\/www.agencija-jajce.ba\/wp-content\/uploads\/2017\/03\/avnoj2.jpg","width":500,"height":333},{"@type":"BreadcrumbList","@id":"https:\/\/www.agencija-jajce.ba\/pl\/muzeum-drugiej-sesji-avnoj\/#breadcrumb","itemListElement":[{"@type":"ListItem","position":1,"name":"Home","item":"http:\/\/www.agencija-jajce.ba\/pl\/"},{"@type":"ListItem","position":2,"name":"Muzeum Drugiej Sesji AVNOJ"}]},{"@type":"WebSite","@id":"http:\/\/www.agencija-jajce.ba\/#website","url":"http:\/\/www.agencija-jajce.ba\/","name":"JU \u201eAgencija za kulturno-povijesnu i prirodnu ba\u0161tinu i razvoj turisti\u010dkih potencijala grada Jajca\u201c","description":"","publisher":{"@id":"http:\/\/www.agencija-jajce.ba\/#organization"},"potentialAction":[{"@type":"SearchAction","target":{"@type":"EntryPoint","urlTemplate":"http:\/\/www.agencija-jajce.ba\/?s={search_term_string}"},"query-input":{"@type":"PropertyValueSpecification","valueRequired":true,"valueName":"search_term_string"}}],"inLanguage":"pl-PL"},{"@type":"Organization","@id":"http:\/\/www.agencija-jajce.ba\/#organization","name":"JU \u201eAgencija Jajce\u201c","url":"http:\/\/www.agencija-jajce.ba\/","logo":{"@type":"ImageObject","inLanguage":"pl-PL","@id":"http:\/\/www.agencija-jajce.ba\/#\/schema\/logo\/image\/","url":"https:\/\/www.agencija-jajce.ba\/wp-content\/uploads\/2020\/05\/Agencija-logo-color.png","contentUrl":"https:\/\/www.agencija-jajce.ba\/wp-content\/uploads\/2020\/05\/Agencija-logo-color.png","width":1359,"height":1464,"caption":"JU \u201eAgencija Jajce\u201c"},"image":{"@id":"http:\/\/www.agencija-jajce.ba\/#\/schema\/logo\/image\/"}},{"@type":"Person","@id":"http:\/\/www.agencija-jajce.ba\/#\/schema\/person\/4d86f7882d1ed6bc5a0772d2a4aef29b","name":"Admin","image":{"@type":"ImageObject","inLanguage":"pl-PL","@id":"http:\/\/www.agencija-jajce.ba\/#\/schema\/person\/image\/","url":"https:\/\/secure.gravatar.com\/avatar\/cabec6f085012315bcbd5f51741e9ba9f360e7567799100769c58a28c83c6574?s=96&d=mm&r=g","contentUrl":"https:\/\/secure.gravatar.com\/avatar\/cabec6f085012315bcbd5f51741e9ba9f360e7567799100769c58a28c83c6574?s=96&d=mm&r=g","caption":"Admin"}}]}},"_links":{"self":[{"href":"https:\/\/www.agencija-jajce.ba\/pl\/wp-json\/wp\/v2\/posts\/4317","targetHints":{"allow":["GET"]}}],"collection":[{"href":"https:\/\/www.agencija-jajce.ba\/pl\/wp-json\/wp\/v2\/posts"}],"about":[{"href":"https:\/\/www.agencija-jajce.ba\/pl\/wp-json\/wp\/v2\/types\/post"}],"author":[{"embeddable":true,"href":"https:\/\/www.agencija-jajce.ba\/pl\/wp-json\/wp\/v2\/users\/1"}],"replies":[{"embeddable":true,"href":"https:\/\/www.agencija-jajce.ba\/pl\/wp-json\/wp\/v2\/comments?post=4317"}],"version-history":[{"count":0,"href":"https:\/\/www.agencija-jajce.ba\/pl\/wp-json\/wp\/v2\/posts\/4317\/revisions"}],"wp:featuredmedia":[{"embeddable":true,"href":"https:\/\/www.agencija-jajce.ba\/pl\/wp-json\/wp\/v2\/media\/4318"}],"wp:attachment":[{"href":"https:\/\/www.agencija-jajce.ba\/pl\/wp-json\/wp\/v2\/media?parent=4317"}],"wp:term":[{"taxonomy":"category","embeddable":true,"href":"https:\/\/www.agencija-jajce.ba\/pl\/wp-json\/wp\/v2\/categories?post=4317"},{"taxonomy":"post_tag","embeddable":true,"href":"https:\/\/www.agencija-jajce.ba\/pl\/wp-json\/wp\/v2\/tags?post=4317"}],"curies":[{"name":"wp","href":"https:\/\/api.w.org\/{rel}","templated":true}]}}