{"id":4242,"date":"2017-03-04T22:05:43","date_gmt":"2017-03-04T22:05:43","guid":{"rendered":"https:\/\/www.agencija-jajce.ba\/museo-della-seconda-seduta-dell-avnoj\/"},"modified":"2017-03-04T22:05:43","modified_gmt":"2017-03-04T22:05:43","slug":"museo-della-seconda-seduta-dell-avnoj","status":"publish","type":"post","link":"https:\/\/www.agencija-jajce.ba\/it\/museo-della-seconda-seduta-dell-avnoj\/","title":{"rendered":"Museo della seconda seduta dell&#8217;AVNOJ"},"content":{"rendered":"<p style=\"text-align: justify;\">Il Museo AVNOJ e uno dei pocchi musei in Europa dedicati all&#8217;antifascismo come fenomeno. E fondato nel 1953 come istituzione centrale memoriale di Jugoslavia.<\/p>\n<\/p>\n<p class=\"MsoNoSpacing\"><span lang=\"SH\">In questo museo, il 29 e 30 novembre 1943 e stata mantenuta la seduta del Consiglio antifascista di liberazione popolare di Jugoslavia ( AVNOJ ) sulla quale i rappresentanti\u00a0 di Bosnia e Erzegovina, Croazia, Serbia, Montenegro, Macedonia e Slovenia, rinunciando a una parte della loro suverenita, crearono la Republica Socialista Federativa di Jugoalavia.<\/span><\/p>\n<p class=\"MsoNoSpacing\"><span lang=\"SH\"> L&#8217;impostazione di museo contiene la poltrona originale di Tito e gli altri ogetti originali dal periodo della famosa seduta, ritratti di pittore \u0110or\u0111e Andrejevi\u0107 Kuna,\u00a0 opere di pittore Bo\u017eidar Jakac e una libreria specializata.<\/span><\/p>\n<p><img decoding=\"async\" class=\" size-full wp-image-59\" src=\"https:\/\/www.agencija-jajce.ba\/wp-content\/uploads\/2017\/03\/avnoj.jpg\" width=\"500\" height=\"333\" border=\"0\" srcset=\"https:\/\/www.agencija-jajce.ba\/wp-content\/uploads\/2017\/03\/avnoj.jpg 500w, https:\/\/www.agencija-jajce.ba\/wp-content\/uploads\/2017\/03\/avnoj-300x200.jpg 300w\" sizes=\"(max-width: 500px) 100vw, 500px\" \/><\/p>\n<p class=\"MsoNoSpacing\" style=\"text-align: justify;\"><span lang=\"SH\">Il museo si trova vicino alla staziona e la cascata e offre le guide esperti con gli <\/span><span style=\"line-height: 1.3em;\">servizi in inglese e nelle lingue locali. E apperto tutto l&#8217;anno ogni giorno dalle 09.00 alle 17.00 ore.<\/span><\/p>\n<p class=\"MsoNoSpacing\"><span lang=\"SH\">Informazioni contatto:<\/span><\/p>\n<p class=\"MsoNoSpacing\"><span lang=\"SH\">via II. zasjedanja AVNOJ-a bb<br \/><\/span><span style=\"line-height: 1.3em;\">tel: (0)30 657 998<\/span><\/p>\n<p class=\"MsoNoSpacing\"><span lang=\"SH\">mail: <\/span><span lang=\"EN-US\"> <a href=\"mailto:muzej.avnoja@facebook.com\">muzej.avnoja@facebook.com<\/a><span style=\"display: none;\">Questo indirizzo email \u00e8 protetto dagli spambots. E&#8217; necessario abilitare JavaScript per vederlo. <\/span><\/span><\/p>\n<p style=\"text-align: justify;\">\u00a0<\/p>\n<p class=\"MsoNoSpacing\"><span lang=\"EN-US\"><a href=\"http:\/\/www.muzejavnoj.ba\/\"><span lang=\"SH\">www.muzejavnoj.ba<\/span><\/a><\/span><\/p>\n<p style=\"text-align: justify;\">\u00a0<\/p>\n","protected":false},"excerpt":{"rendered":"<p>Il Museo AVNOJ e uno dei pocchi musei in Europa dedicati all&#8217;antifascismo come fenomeno. E fondato nel 1953 come istituzione centrale memoriale di Jugoslavia. In questo museo, il 29 e 30 novembre 1943 e stata mantenuta la seduta del Consiglio antifascista di liberazione popolare di Jugoslavia ( AVNOJ ) sulla quale i rappresentanti\u00a0 di Bosnia e Erzegovina, Croazia, Serbia, Montenegro, Macedonia e Slovenia, rinunciando a una parte della loro suverenita, crearono la Republica Socialista Federativa di Jugoalavia. L&#8217;impostazione di museo contiene la poltrona originale di Tito e gli altri ogetti originali dal periodo della famosa seduta, ritratti di pittore \u0110or\u0111e Andrejevi\u0107 Kuna,\u00a0 opere di pittore Bo\u017eidar Jakac e&hellip;<\/p>\n","protected":false},"author":1,"featured_media":4243,"comment_status":"open","ping_status":"open","sticky":false,"template":"","format":"standard","meta":{"footnotes":""},"categories":[79],"tags":[],"class_list":["post-4242","post","type-post","status-publish","format-standard","has-post-thumbnail","hentry","category-italian-it"],"yoast_head":"<!-- This site is optimized with the Yoast SEO Premium plugin v21.2 (Yoast SEO v26.3) - https:\/\/yoast.com\/wordpress\/plugins\/seo\/ -->\n<title>Museo della seconda seduta dell&#039;AVNOJ - JU \u201eAgencija za kulturno-povijesnu i prirodnu ba\u0161tinu i razvoj turisti\u010dkih potencijala grada Jajca\u201c<\/title>\n<meta name=\"robots\" content=\"index, follow, max-snippet:-1, max-image-preview:large, max-video-preview:-1\" \/>\n<link rel=\"canonical\" href=\"https:\/\/www.agencija-jajce.ba\/it\/museo-della-seconda-seduta-dell-avnoj\/\" \/>\n<meta property=\"og:locale\" content=\"it_IT\" \/>\n<meta property=\"og:type\" content=\"article\" \/>\n<meta property=\"og:title\" content=\"Museo della seconda seduta dell&#039;AVNOJ\" \/>\n<meta property=\"og:description\" content=\"Il Museo AVNOJ e uno dei pocchi musei in Europa dedicati all&#8217;antifascismo come fenomeno. E fondato nel 1953 come istituzione centrale memoriale di Jugoslavia. In questo museo, il 29 e 30 novembre 1943 e stata mantenuta la seduta del Consiglio antifascista di liberazione popolare di Jugoslavia ( AVNOJ ) sulla quale i rappresentanti\u00a0 di Bosnia e Erzegovina, Croazia, Serbia, Montenegro, Macedonia e Slovenia, rinunciando a una parte della loro suverenita, crearono la Republica Socialista Federativa di Jugoalavia. L&#8217;impostazione di museo contiene la poltrona originale di Tito e gli altri ogetti originali dal periodo della famosa seduta, ritratti di pittore \u0110or\u0111e Andrejevi\u0107 Kuna,\u00a0 opere di pittore Bo\u017eidar Jakac e&hellip;\" \/>\n<meta property=\"og:url\" content=\"https:\/\/www.agencija-jajce.ba\/it\/museo-della-seconda-seduta-dell-avnoj\/\" \/>\n<meta property=\"og:site_name\" content=\"JU \u201eAgencija za kulturno-povijesnu i prirodnu ba\u0161tinu i razvoj turisti\u010dkih potencijala grada Jajca\u201c\" \/>\n<meta property=\"article:published_time\" content=\"2017-03-04T22:05:43+00:00\" \/>\n<meta property=\"og:image\" content=\"https:\/\/www.agencija-jajce.ba\/wp-content\/uploads\/2017\/03\/avnoj2.jpg\" \/>\n\t<meta property=\"og:image:width\" content=\"500\" \/>\n\t<meta property=\"og:image:height\" content=\"333\" \/>\n\t<meta property=\"og:image:type\" content=\"image\/jpeg\" \/>\n<meta name=\"author\" content=\"Admin\" \/>\n<meta name=\"twitter:card\" content=\"summary_large_image\" \/>\n<meta name=\"twitter:label1\" content=\"Scritto da\" \/>\n\t<meta name=\"twitter:data1\" content=\"Admin\" \/>\n\t<meta name=\"twitter:label2\" content=\"Tempo di lettura stimato\" \/>\n\t<meta name=\"twitter:data2\" content=\"1 minuto\" \/>\n<script type=\"application\/ld+json\" class=\"yoast-schema-graph\">{\"@context\":\"https:\/\/schema.org\",\"@graph\":[{\"@type\":\"Article\",\"@id\":\"https:\/\/www.agencija-jajce.ba\/it\/museo-della-seconda-seduta-dell-avnoj\/#article\",\"isPartOf\":{\"@id\":\"https:\/\/www.agencija-jajce.ba\/it\/museo-della-seconda-seduta-dell-avnoj\/\"},\"author\":{\"name\":\"Admin\",\"@id\":\"http:\/\/www.agencija-jajce.ba\/#\/schema\/person\/4d86f7882d1ed6bc5a0772d2a4aef29b\"},\"headline\":\"Museo della seconda seduta dell&#8217;AVNOJ\",\"datePublished\":\"2017-03-04T22:05:43+00:00\",\"mainEntityOfPage\":{\"@id\":\"https:\/\/www.agencija-jajce.ba\/it\/museo-della-seconda-seduta-dell-avnoj\/\"},\"wordCount\":173,\"commentCount\":0,\"publisher\":{\"@id\":\"http:\/\/www.agencija-jajce.ba\/#organization\"},\"image\":{\"@id\":\"https:\/\/www.agencija-jajce.ba\/it\/museo-della-seconda-seduta-dell-avnoj\/#primaryimage\"},\"thumbnailUrl\":\"https:\/\/www.agencija-jajce.ba\/wp-content\/uploads\/2017\/03\/avnoj2.jpg\",\"articleSection\":[\"Italian\"],\"inLanguage\":\"it-IT\"},{\"@type\":\"WebPage\",\"@id\":\"https:\/\/www.agencija-jajce.ba\/it\/museo-della-seconda-seduta-dell-avnoj\/\",\"url\":\"https:\/\/www.agencija-jajce.ba\/it\/museo-della-seconda-seduta-dell-avnoj\/\",\"name\":\"Museo della seconda seduta dell'AVNOJ - JU \u201eAgencija za kulturno-povijesnu i prirodnu ba\u0161tinu i razvoj turisti\u010dkih potencijala grada Jajca\u201c\",\"isPartOf\":{\"@id\":\"http:\/\/www.agencija-jajce.ba\/#website\"},\"primaryImageOfPage\":{\"@id\":\"https:\/\/www.agencija-jajce.ba\/it\/museo-della-seconda-seduta-dell-avnoj\/#primaryimage\"},\"image\":{\"@id\":\"https:\/\/www.agencija-jajce.ba\/it\/museo-della-seconda-seduta-dell-avnoj\/#primaryimage\"},\"thumbnailUrl\":\"https:\/\/www.agencija-jajce.ba\/wp-content\/uploads\/2017\/03\/avnoj2.jpg\",\"datePublished\":\"2017-03-04T22:05:43+00:00\",\"breadcrumb\":{\"@id\":\"https:\/\/www.agencija-jajce.ba\/it\/museo-della-seconda-seduta-dell-avnoj\/#breadcrumb\"},\"inLanguage\":\"it-IT\",\"potentialAction\":[{\"@type\":\"ReadAction\",\"target\":[\"https:\/\/www.agencija-jajce.ba\/it\/museo-della-seconda-seduta-dell-avnoj\/\"]}]},{\"@type\":\"ImageObject\",\"inLanguage\":\"it-IT\",\"@id\":\"https:\/\/www.agencija-jajce.ba\/it\/museo-della-seconda-seduta-dell-avnoj\/#primaryimage\",\"url\":\"https:\/\/www.agencija-jajce.ba\/wp-content\/uploads\/2017\/03\/avnoj2.jpg\",\"contentUrl\":\"https:\/\/www.agencija-jajce.ba\/wp-content\/uploads\/2017\/03\/avnoj2.jpg\",\"width\":500,\"height\":333},{\"@type\":\"BreadcrumbList\",\"@id\":\"https:\/\/www.agencija-jajce.ba\/it\/museo-della-seconda-seduta-dell-avnoj\/#breadcrumb\",\"itemListElement\":[{\"@type\":\"ListItem\",\"position\":1,\"name\":\"Home\",\"item\":\"http:\/\/www.agencija-jajce.ba\/it\/\"},{\"@type\":\"ListItem\",\"position\":2,\"name\":\"Museo della seconda seduta dell&#8217;AVNOJ\"}]},{\"@type\":\"WebSite\",\"@id\":\"http:\/\/www.agencija-jajce.ba\/#website\",\"url\":\"http:\/\/www.agencija-jajce.ba\/\",\"name\":\"JU \u201eAgencija za kulturno-povijesnu i prirodnu ba\u0161tinu i razvoj turisti\u010dkih potencijala grada Jajca\u201c\",\"description\":\"\",\"publisher\":{\"@id\":\"http:\/\/www.agencija-jajce.ba\/#organization\"},\"potentialAction\":[{\"@type\":\"SearchAction\",\"target\":{\"@type\":\"EntryPoint\",\"urlTemplate\":\"http:\/\/www.agencija-jajce.ba\/?s={search_term_string}\"},\"query-input\":{\"@type\":\"PropertyValueSpecification\",\"valueRequired\":true,\"valueName\":\"search_term_string\"}}],\"inLanguage\":\"it-IT\"},{\"@type\":\"Organization\",\"@id\":\"http:\/\/www.agencija-jajce.ba\/#organization\",\"name\":\"JU \u201eAgencija Jajce\u201c\",\"url\":\"http:\/\/www.agencija-jajce.ba\/\",\"logo\":{\"@type\":\"ImageObject\",\"inLanguage\":\"it-IT\",\"@id\":\"http:\/\/www.agencija-jajce.ba\/#\/schema\/logo\/image\/\",\"url\":\"https:\/\/www.agencija-jajce.ba\/wp-content\/uploads\/2020\/05\/Agencija-logo-color.png\",\"contentUrl\":\"https:\/\/www.agencija-jajce.ba\/wp-content\/uploads\/2020\/05\/Agencija-logo-color.png\",\"width\":1359,\"height\":1464,\"caption\":\"JU \u201eAgencija Jajce\u201c\"},\"image\":{\"@id\":\"http:\/\/www.agencija-jajce.ba\/#\/schema\/logo\/image\/\"}},{\"@type\":\"Person\",\"@id\":\"http:\/\/www.agencija-jajce.ba\/#\/schema\/person\/4d86f7882d1ed6bc5a0772d2a4aef29b\",\"name\":\"Admin\",\"image\":{\"@type\":\"ImageObject\",\"inLanguage\":\"it-IT\",\"@id\":\"http:\/\/www.agencija-jajce.ba\/#\/schema\/person\/image\/\",\"url\":\"https:\/\/secure.gravatar.com\/avatar\/cabec6f085012315bcbd5f51741e9ba9f360e7567799100769c58a28c83c6574?s=96&d=mm&r=g\",\"contentUrl\":\"https:\/\/secure.gravatar.com\/avatar\/cabec6f085012315bcbd5f51741e9ba9f360e7567799100769c58a28c83c6574?s=96&d=mm&r=g\",\"caption\":\"Admin\"}}]}<\/script>\n<!-- \/ Yoast SEO Premium plugin. -->","yoast_head_json":{"title":"Museo della seconda seduta dell'AVNOJ - JU \u201eAgencija za kulturno-povijesnu i prirodnu ba\u0161tinu i razvoj turisti\u010dkih potencijala grada Jajca\u201c","robots":{"index":"index","follow":"follow","max-snippet":"max-snippet:-1","max-image-preview":"max-image-preview:large","max-video-preview":"max-video-preview:-1"},"canonical":"https:\/\/www.agencija-jajce.ba\/it\/museo-della-seconda-seduta-dell-avnoj\/","og_locale":"it_IT","og_type":"article","og_title":"Museo della seconda seduta dell'AVNOJ","og_description":"Il Museo AVNOJ e uno dei pocchi musei in Europa dedicati all&#8217;antifascismo come fenomeno. E fondato nel 1953 come istituzione centrale memoriale di Jugoslavia. In questo museo, il 29 e 30 novembre 1943 e stata mantenuta la seduta del Consiglio antifascista di liberazione popolare di Jugoslavia ( AVNOJ ) sulla quale i rappresentanti\u00a0 di Bosnia e Erzegovina, Croazia, Serbia, Montenegro, Macedonia e Slovenia, rinunciando a una parte della loro suverenita, crearono la Republica Socialista Federativa di Jugoalavia. L&#8217;impostazione di museo contiene la poltrona originale di Tito e gli altri ogetti originali dal periodo della famosa seduta, ritratti di pittore \u0110or\u0111e Andrejevi\u0107 Kuna,\u00a0 opere di pittore Bo\u017eidar Jakac e&hellip;","og_url":"https:\/\/www.agencija-jajce.ba\/it\/museo-della-seconda-seduta-dell-avnoj\/","og_site_name":"JU \u201eAgencija za kulturno-povijesnu i prirodnu ba\u0161tinu i razvoj turisti\u010dkih potencijala grada Jajca\u201c","article_published_time":"2017-03-04T22:05:43+00:00","og_image":[{"width":500,"height":333,"url":"https:\/\/www.agencija-jajce.ba\/wp-content\/uploads\/2017\/03\/avnoj2.jpg","type":"image\/jpeg"}],"author":"Admin","twitter_card":"summary_large_image","twitter_misc":{"Scritto da":"Admin","Tempo di lettura stimato":"1 minuto"},"schema":{"@context":"https:\/\/schema.org","@graph":[{"@type":"Article","@id":"https:\/\/www.agencija-jajce.ba\/it\/museo-della-seconda-seduta-dell-avnoj\/#article","isPartOf":{"@id":"https:\/\/www.agencija-jajce.ba\/it\/museo-della-seconda-seduta-dell-avnoj\/"},"author":{"name":"Admin","@id":"http:\/\/www.agencija-jajce.ba\/#\/schema\/person\/4d86f7882d1ed6bc5a0772d2a4aef29b"},"headline":"Museo della seconda seduta dell&#8217;AVNOJ","datePublished":"2017-03-04T22:05:43+00:00","mainEntityOfPage":{"@id":"https:\/\/www.agencija-jajce.ba\/it\/museo-della-seconda-seduta-dell-avnoj\/"},"wordCount":173,"commentCount":0,"publisher":{"@id":"http:\/\/www.agencija-jajce.ba\/#organization"},"image":{"@id":"https:\/\/www.agencija-jajce.ba\/it\/museo-della-seconda-seduta-dell-avnoj\/#primaryimage"},"thumbnailUrl":"https:\/\/www.agencija-jajce.ba\/wp-content\/uploads\/2017\/03\/avnoj2.jpg","articleSection":["Italian"],"inLanguage":"it-IT"},{"@type":"WebPage","@id":"https:\/\/www.agencija-jajce.ba\/it\/museo-della-seconda-seduta-dell-avnoj\/","url":"https:\/\/www.agencija-jajce.ba\/it\/museo-della-seconda-seduta-dell-avnoj\/","name":"Museo della seconda seduta dell'AVNOJ - JU \u201eAgencija za kulturno-povijesnu i prirodnu ba\u0161tinu i razvoj turisti\u010dkih potencijala grada Jajca\u201c","isPartOf":{"@id":"http:\/\/www.agencija-jajce.ba\/#website"},"primaryImageOfPage":{"@id":"https:\/\/www.agencija-jajce.ba\/it\/museo-della-seconda-seduta-dell-avnoj\/#primaryimage"},"image":{"@id":"https:\/\/www.agencija-jajce.ba\/it\/museo-della-seconda-seduta-dell-avnoj\/#primaryimage"},"thumbnailUrl":"https:\/\/www.agencija-jajce.ba\/wp-content\/uploads\/2017\/03\/avnoj2.jpg","datePublished":"2017-03-04T22:05:43+00:00","breadcrumb":{"@id":"https:\/\/www.agencija-jajce.ba\/it\/museo-della-seconda-seduta-dell-avnoj\/#breadcrumb"},"inLanguage":"it-IT","potentialAction":[{"@type":"ReadAction","target":["https:\/\/www.agencija-jajce.ba\/it\/museo-della-seconda-seduta-dell-avnoj\/"]}]},{"@type":"ImageObject","inLanguage":"it-IT","@id":"https:\/\/www.agencija-jajce.ba\/it\/museo-della-seconda-seduta-dell-avnoj\/#primaryimage","url":"https:\/\/www.agencija-jajce.ba\/wp-content\/uploads\/2017\/03\/avnoj2.jpg","contentUrl":"https:\/\/www.agencija-jajce.ba\/wp-content\/uploads\/2017\/03\/avnoj2.jpg","width":500,"height":333},{"@type":"BreadcrumbList","@id":"https:\/\/www.agencija-jajce.ba\/it\/museo-della-seconda-seduta-dell-avnoj\/#breadcrumb","itemListElement":[{"@type":"ListItem","position":1,"name":"Home","item":"http:\/\/www.agencija-jajce.ba\/it\/"},{"@type":"ListItem","position":2,"name":"Museo della seconda seduta dell&#8217;AVNOJ"}]},{"@type":"WebSite","@id":"http:\/\/www.agencija-jajce.ba\/#website","url":"http:\/\/www.agencija-jajce.ba\/","name":"JU \u201eAgencija za kulturno-povijesnu i prirodnu ba\u0161tinu i razvoj turisti\u010dkih potencijala grada Jajca\u201c","description":"","publisher":{"@id":"http:\/\/www.agencija-jajce.ba\/#organization"},"potentialAction":[{"@type":"SearchAction","target":{"@type":"EntryPoint","urlTemplate":"http:\/\/www.agencija-jajce.ba\/?s={search_term_string}"},"query-input":{"@type":"PropertyValueSpecification","valueRequired":true,"valueName":"search_term_string"}}],"inLanguage":"it-IT"},{"@type":"Organization","@id":"http:\/\/www.agencija-jajce.ba\/#organization","name":"JU \u201eAgencija Jajce\u201c","url":"http:\/\/www.agencija-jajce.ba\/","logo":{"@type":"ImageObject","inLanguage":"it-IT","@id":"http:\/\/www.agencija-jajce.ba\/#\/schema\/logo\/image\/","url":"https:\/\/www.agencija-jajce.ba\/wp-content\/uploads\/2020\/05\/Agencija-logo-color.png","contentUrl":"https:\/\/www.agencija-jajce.ba\/wp-content\/uploads\/2020\/05\/Agencija-logo-color.png","width":1359,"height":1464,"caption":"JU \u201eAgencija Jajce\u201c"},"image":{"@id":"http:\/\/www.agencija-jajce.ba\/#\/schema\/logo\/image\/"}},{"@type":"Person","@id":"http:\/\/www.agencija-jajce.ba\/#\/schema\/person\/4d86f7882d1ed6bc5a0772d2a4aef29b","name":"Admin","image":{"@type":"ImageObject","inLanguage":"it-IT","@id":"http:\/\/www.agencija-jajce.ba\/#\/schema\/person\/image\/","url":"https:\/\/secure.gravatar.com\/avatar\/cabec6f085012315bcbd5f51741e9ba9f360e7567799100769c58a28c83c6574?s=96&d=mm&r=g","contentUrl":"https:\/\/secure.gravatar.com\/avatar\/cabec6f085012315bcbd5f51741e9ba9f360e7567799100769c58a28c83c6574?s=96&d=mm&r=g","caption":"Admin"}}]}},"_links":{"self":[{"href":"https:\/\/www.agencija-jajce.ba\/it\/wp-json\/wp\/v2\/posts\/4242","targetHints":{"allow":["GET"]}}],"collection":[{"href":"https:\/\/www.agencija-jajce.ba\/it\/wp-json\/wp\/v2\/posts"}],"about":[{"href":"https:\/\/www.agencija-jajce.ba\/it\/wp-json\/wp\/v2\/types\/post"}],"author":[{"embeddable":true,"href":"https:\/\/www.agencija-jajce.ba\/it\/wp-json\/wp\/v2\/users\/1"}],"replies":[{"embeddable":true,"href":"https:\/\/www.agencija-jajce.ba\/it\/wp-json\/wp\/v2\/comments?post=4242"}],"version-history":[{"count":0,"href":"https:\/\/www.agencija-jajce.ba\/it\/wp-json\/wp\/v2\/posts\/4242\/revisions"}],"wp:featuredmedia":[{"embeddable":true,"href":"https:\/\/www.agencija-jajce.ba\/it\/wp-json\/wp\/v2\/media\/4243"}],"wp:attachment":[{"href":"https:\/\/www.agencija-jajce.ba\/it\/wp-json\/wp\/v2\/media?parent=4242"}],"wp:term":[{"taxonomy":"category","embeddable":true,"href":"https:\/\/www.agencija-jajce.ba\/it\/wp-json\/wp\/v2\/categories?post=4242"},{"taxonomy":"post_tag","embeddable":true,"href":"https:\/\/www.agencija-jajce.ba\/it\/wp-json\/wp\/v2\/tags?post=4242"}],"curies":[{"name":"wp","href":"https:\/\/api.w.org\/{rel}","templated":true}]}}