{"id":4238,"date":"2017-03-04T22:47:03","date_gmt":"2017-03-04T22:47:03","guid":{"rendered":"https:\/\/www.agencija-jajce.ba\/galleria-dell-arte\/"},"modified":"2017-03-04T22:47:03","modified_gmt":"2017-03-04T22:47:03","slug":"galleria-dell-arte","status":"publish","type":"post","link":"https:\/\/www.agencija-jajce.ba\/it\/galleria-dell-arte\/","title":{"rendered":"Galleria dell&#8217;arte"},"content":{"rendered":"<p class=\"MsoNoSpacing\"><span lang=\"SH\">La galleria dell&#8217;arte e sistemata nella vecchia casa di Kr\u0161lak, appoggiata alle mura, in via verso la Fortezza. Nella galleria dell&#8217;arte sono esposte le\u00a0 opere dei pittori di Jajce oppure quelle degli\u00a0 altri pittori nate durante il \u00a0loro soggiorno a Jajce. In galeria dell&#8217;arte sono esposte anche le opere di scultore di Jajce, Du\u0161ko Rakita. Le attivita principali di galleria dell&#8217;arte sono le organizazioni delle scuole di pittura e delle colonie dell&#8217;arte.<\/span><\/p>\n<\/p>\n<p class=\"MsoNoSpacing\"><span lang=\"SH\">Informazioni contatto:<\/span><\/p>\n<p class=\"MsoNoSpacing\"><span lang=\"SH\">la Galleria dell&#8217;arte<br \/><\/span><span style=\"line-height: 1.3em;\">via D\u017eikovac bb ( casa di Kr\u0161lak )<br \/><\/span><span style=\"line-height: 1.3em;\">tel: (0)30 659 541<br \/><\/span><span style=\"line-height: 1.3em;\">fax: (0)30 659 696<br \/><\/span><span style=\"line-height: 1.3em;\">mail: <a href=\"mailto:samir.hazbic@tel.net.ba\">samir.hazbic@tel.net.ba<\/a><span style=\"display: none;\">Questo indirizzo email \u00e8 protetto dagli spambots. E&#8217; necessario abilitare JavaScript per vederlo. <\/span><\/span><\/p>\n","protected":false},"excerpt":{"rendered":"<p>La galleria dell&#8217;arte e sistemata nella vecchia casa di Kr\u0161lak, appoggiata alle mura, in via verso la Fortezza. Nella galleria dell&#8217;arte sono esposte le\u00a0 opere dei pittori di Jajce oppure quelle degli\u00a0 altri pittori nate durante il \u00a0loro soggiorno a Jajce. In galeria dell&#8217;arte sono esposte anche le opere di scultore di Jajce, Du\u0161ko Rakita. Le attivita principali di galleria dell&#8217;arte sono le organizazioni delle scuole di pittura e delle colonie dell&#8217;arte. Informazioni contatto: la Galleria dell&#8217;artevia D\u017eikovac bb ( casa di Kr\u0161lak )tel: (0)30 659 541fax: (0)30 659 696mail: samir.hazbic@tel.net.baQuesto indirizzo email \u00e8 protetto dagli spambots. E&#8217; necessario abilitare JavaScript per vederlo.<\/p>\n","protected":false},"author":1,"featured_media":4239,"comment_status":"open","ping_status":"open","sticky":false,"template":"","format":"standard","meta":{"footnotes":""},"categories":[79],"tags":[],"class_list":["post-4238","post","type-post","status-publish","format-standard","has-post-thumbnail","hentry","category-italian-it"],"yoast_head":"<!-- This site is optimized with the Yoast SEO Premium plugin v21.2 (Yoast SEO v26.3) - https:\/\/yoast.com\/wordpress\/plugins\/seo\/ -->\n<title>Galleria dell&#039;arte - JU \u201eAgencija za kulturno-povijesnu i prirodnu ba\u0161tinu i razvoj turisti\u010dkih potencijala grada Jajca\u201c<\/title>\n<meta name=\"robots\" content=\"index, follow, max-snippet:-1, max-image-preview:large, max-video-preview:-1\" \/>\n<link rel=\"canonical\" href=\"http:\/\/www.agencija-jajce.ba\/it\/galleria-dell-arte\/\" \/>\n<meta property=\"og:locale\" content=\"it_IT\" \/>\n<meta property=\"og:type\" content=\"article\" \/>\n<meta property=\"og:title\" content=\"Galleria dell&#039;arte\" \/>\n<meta property=\"og:description\" content=\"La galleria dell&#8217;arte e sistemata nella vecchia casa di Kr\u0161lak, appoggiata alle mura, in via verso la Fortezza. Nella galleria dell&#8217;arte sono esposte le\u00a0 opere dei pittori di Jajce oppure quelle degli\u00a0 altri pittori nate durante il \u00a0loro soggiorno a Jajce. In galeria dell&#8217;arte sono esposte anche le opere di scultore di Jajce, Du\u0161ko Rakita. Le attivita principali di galleria dell&#8217;arte sono le organizazioni delle scuole di pittura e delle colonie dell&#8217;arte. Informazioni contatto: la Galleria dell&#8217;artevia D\u017eikovac bb ( casa di Kr\u0161lak )tel: (0)30 659 541fax: (0)30 659 696mail: samir.hazbic@tel.net.baQuesto indirizzo email \u00e8 protetto dagli spambots. E&#8217; necessario abilitare JavaScript per vederlo.\" \/>\n<meta property=\"og:url\" content=\"http:\/\/www.agencija-jajce.ba\/it\/galleria-dell-arte\/\" \/>\n<meta property=\"og:site_name\" content=\"JU \u201eAgencija za kulturno-povijesnu i prirodnu ba\u0161tinu i razvoj turisti\u010dkih potencijala grada Jajca\u201c\" \/>\n<meta property=\"article:published_time\" content=\"2017-03-04T22:47:03+00:00\" \/>\n<meta property=\"og:image\" content=\"http:\/\/www.agencija-jajce.ba\/wp-content\/uploads\/2017\/03\/galerija.jpg\" \/>\n\t<meta property=\"og:image:width\" content=\"500\" \/>\n\t<meta property=\"og:image:height\" content=\"333\" \/>\n\t<meta property=\"og:image:type\" content=\"image\/jpeg\" \/>\n<meta name=\"author\" content=\"Admin\" \/>\n<meta name=\"twitter:card\" content=\"summary_large_image\" \/>\n<meta name=\"twitter:label1\" content=\"Scritto da\" \/>\n\t<meta name=\"twitter:data1\" content=\"Admin\" \/>\n\t<meta name=\"twitter:label2\" content=\"Tempo di lettura stimato\" \/>\n\t<meta name=\"twitter:data2\" content=\"1 minuto\" \/>\n<script type=\"application\/ld+json\" class=\"yoast-schema-graph\">{\"@context\":\"https:\/\/schema.org\",\"@graph\":[{\"@type\":\"Article\",\"@id\":\"http:\/\/www.agencija-jajce.ba\/it\/galleria-dell-arte\/#article\",\"isPartOf\":{\"@id\":\"http:\/\/www.agencija-jajce.ba\/it\/galleria-dell-arte\/\"},\"author\":{\"name\":\"Admin\",\"@id\":\"http:\/\/www.agencija-jajce.ba\/#\/schema\/person\/4d86f7882d1ed6bc5a0772d2a4aef29b\"},\"headline\":\"Galleria dell&#8217;arte\",\"datePublished\":\"2017-03-04T22:47:03+00:00\",\"mainEntityOfPage\":{\"@id\":\"http:\/\/www.agencija-jajce.ba\/it\/galleria-dell-arte\/\"},\"wordCount\":109,\"commentCount\":0,\"publisher\":{\"@id\":\"http:\/\/www.agencija-jajce.ba\/#organization\"},\"image\":{\"@id\":\"http:\/\/www.agencija-jajce.ba\/it\/galleria-dell-arte\/#primaryimage\"},\"thumbnailUrl\":\"https:\/\/www.agencija-jajce.ba\/wp-content\/uploads\/2017\/03\/galerija.jpg\",\"articleSection\":[\"Italian\"],\"inLanguage\":\"it-IT\"},{\"@type\":\"WebPage\",\"@id\":\"http:\/\/www.agencija-jajce.ba\/it\/galleria-dell-arte\/\",\"url\":\"http:\/\/www.agencija-jajce.ba\/it\/galleria-dell-arte\/\",\"name\":\"Galleria dell'arte - JU \u201eAgencija za kulturno-povijesnu i prirodnu ba\u0161tinu i razvoj turisti\u010dkih potencijala grada Jajca\u201c\",\"isPartOf\":{\"@id\":\"http:\/\/www.agencija-jajce.ba\/#website\"},\"primaryImageOfPage\":{\"@id\":\"http:\/\/www.agencija-jajce.ba\/it\/galleria-dell-arte\/#primaryimage\"},\"image\":{\"@id\":\"http:\/\/www.agencija-jajce.ba\/it\/galleria-dell-arte\/#primaryimage\"},\"thumbnailUrl\":\"https:\/\/www.agencija-jajce.ba\/wp-content\/uploads\/2017\/03\/galerija.jpg\",\"datePublished\":\"2017-03-04T22:47:03+00:00\",\"breadcrumb\":{\"@id\":\"http:\/\/www.agencija-jajce.ba\/it\/galleria-dell-arte\/#breadcrumb\"},\"inLanguage\":\"it-IT\",\"potentialAction\":[{\"@type\":\"ReadAction\",\"target\":[\"http:\/\/www.agencija-jajce.ba\/it\/galleria-dell-arte\/\"]}]},{\"@type\":\"ImageObject\",\"inLanguage\":\"it-IT\",\"@id\":\"http:\/\/www.agencija-jajce.ba\/it\/galleria-dell-arte\/#primaryimage\",\"url\":\"https:\/\/www.agencija-jajce.ba\/wp-content\/uploads\/2017\/03\/galerija.jpg\",\"contentUrl\":\"https:\/\/www.agencija-jajce.ba\/wp-content\/uploads\/2017\/03\/galerija.jpg\",\"width\":500,\"height\":333},{\"@type\":\"BreadcrumbList\",\"@id\":\"http:\/\/www.agencija-jajce.ba\/it\/galleria-dell-arte\/#breadcrumb\",\"itemListElement\":[{\"@type\":\"ListItem\",\"position\":1,\"name\":\"Home\",\"item\":\"http:\/\/www.agencija-jajce.ba\/it\/\"},{\"@type\":\"ListItem\",\"position\":2,\"name\":\"Galleria dell&#8217;arte\"}]},{\"@type\":\"WebSite\",\"@id\":\"http:\/\/www.agencija-jajce.ba\/#website\",\"url\":\"http:\/\/www.agencija-jajce.ba\/\",\"name\":\"JU \u201eAgencija za kulturno-povijesnu i prirodnu ba\u0161tinu i razvoj turisti\u010dkih potencijala grada Jajca\u201c\",\"description\":\"\",\"publisher\":{\"@id\":\"http:\/\/www.agencija-jajce.ba\/#organization\"},\"potentialAction\":[{\"@type\":\"SearchAction\",\"target\":{\"@type\":\"EntryPoint\",\"urlTemplate\":\"http:\/\/www.agencija-jajce.ba\/?s={search_term_string}\"},\"query-input\":{\"@type\":\"PropertyValueSpecification\",\"valueRequired\":true,\"valueName\":\"search_term_string\"}}],\"inLanguage\":\"it-IT\"},{\"@type\":\"Organization\",\"@id\":\"http:\/\/www.agencija-jajce.ba\/#organization\",\"name\":\"JU \u201eAgencija Jajce\u201c\",\"url\":\"http:\/\/www.agencija-jajce.ba\/\",\"logo\":{\"@type\":\"ImageObject\",\"inLanguage\":\"it-IT\",\"@id\":\"http:\/\/www.agencija-jajce.ba\/#\/schema\/logo\/image\/\",\"url\":\"https:\/\/www.agencija-jajce.ba\/wp-content\/uploads\/2020\/05\/Agencija-logo-color.png\",\"contentUrl\":\"https:\/\/www.agencija-jajce.ba\/wp-content\/uploads\/2020\/05\/Agencija-logo-color.png\",\"width\":1359,\"height\":1464,\"caption\":\"JU \u201eAgencija Jajce\u201c\"},\"image\":{\"@id\":\"http:\/\/www.agencija-jajce.ba\/#\/schema\/logo\/image\/\"}},{\"@type\":\"Person\",\"@id\":\"http:\/\/www.agencija-jajce.ba\/#\/schema\/person\/4d86f7882d1ed6bc5a0772d2a4aef29b\",\"name\":\"Admin\",\"image\":{\"@type\":\"ImageObject\",\"inLanguage\":\"it-IT\",\"@id\":\"http:\/\/www.agencija-jajce.ba\/#\/schema\/person\/image\/\",\"url\":\"https:\/\/secure.gravatar.com\/avatar\/cabec6f085012315bcbd5f51741e9ba9f360e7567799100769c58a28c83c6574?s=96&d=mm&r=g\",\"contentUrl\":\"https:\/\/secure.gravatar.com\/avatar\/cabec6f085012315bcbd5f51741e9ba9f360e7567799100769c58a28c83c6574?s=96&d=mm&r=g\",\"caption\":\"Admin\"}}]}<\/script>\n<!-- \/ Yoast SEO Premium plugin. -->","yoast_head_json":{"title":"Galleria dell'arte - JU \u201eAgencija za kulturno-povijesnu i prirodnu ba\u0161tinu i razvoj turisti\u010dkih potencijala grada Jajca\u201c","robots":{"index":"index","follow":"follow","max-snippet":"max-snippet:-1","max-image-preview":"max-image-preview:large","max-video-preview":"max-video-preview:-1"},"canonical":"http:\/\/www.agencija-jajce.ba\/it\/galleria-dell-arte\/","og_locale":"it_IT","og_type":"article","og_title":"Galleria dell'arte","og_description":"La galleria dell&#8217;arte e sistemata nella vecchia casa di Kr\u0161lak, appoggiata alle mura, in via verso la Fortezza. Nella galleria dell&#8217;arte sono esposte le\u00a0 opere dei pittori di Jajce oppure quelle degli\u00a0 altri pittori nate durante il \u00a0loro soggiorno a Jajce. In galeria dell&#8217;arte sono esposte anche le opere di scultore di Jajce, Du\u0161ko Rakita. Le attivita principali di galleria dell&#8217;arte sono le organizazioni delle scuole di pittura e delle colonie dell&#8217;arte. Informazioni contatto: la Galleria dell&#8217;artevia D\u017eikovac bb ( casa di Kr\u0161lak )tel: (0)30 659 541fax: (0)30 659 696mail: samir.hazbic@tel.net.baQuesto indirizzo email \u00e8 protetto dagli spambots. E&#8217; necessario abilitare JavaScript per vederlo.","og_url":"http:\/\/www.agencija-jajce.ba\/it\/galleria-dell-arte\/","og_site_name":"JU \u201eAgencija za kulturno-povijesnu i prirodnu ba\u0161tinu i razvoj turisti\u010dkih potencijala grada Jajca\u201c","article_published_time":"2017-03-04T22:47:03+00:00","og_image":[{"width":500,"height":333,"url":"http:\/\/www.agencija-jajce.ba\/wp-content\/uploads\/2017\/03\/galerija.jpg","type":"image\/jpeg"}],"author":"Admin","twitter_card":"summary_large_image","twitter_misc":{"Scritto da":"Admin","Tempo di lettura stimato":"1 minuto"},"schema":{"@context":"https:\/\/schema.org","@graph":[{"@type":"Article","@id":"http:\/\/www.agencija-jajce.ba\/it\/galleria-dell-arte\/#article","isPartOf":{"@id":"http:\/\/www.agencija-jajce.ba\/it\/galleria-dell-arte\/"},"author":{"name":"Admin","@id":"http:\/\/www.agencija-jajce.ba\/#\/schema\/person\/4d86f7882d1ed6bc5a0772d2a4aef29b"},"headline":"Galleria dell&#8217;arte","datePublished":"2017-03-04T22:47:03+00:00","mainEntityOfPage":{"@id":"http:\/\/www.agencija-jajce.ba\/it\/galleria-dell-arte\/"},"wordCount":109,"commentCount":0,"publisher":{"@id":"http:\/\/www.agencija-jajce.ba\/#organization"},"image":{"@id":"http:\/\/www.agencija-jajce.ba\/it\/galleria-dell-arte\/#primaryimage"},"thumbnailUrl":"https:\/\/www.agencija-jajce.ba\/wp-content\/uploads\/2017\/03\/galerija.jpg","articleSection":["Italian"],"inLanguage":"it-IT"},{"@type":"WebPage","@id":"http:\/\/www.agencija-jajce.ba\/it\/galleria-dell-arte\/","url":"http:\/\/www.agencija-jajce.ba\/it\/galleria-dell-arte\/","name":"Galleria dell'arte - JU \u201eAgencija za kulturno-povijesnu i prirodnu ba\u0161tinu i razvoj turisti\u010dkih potencijala grada Jajca\u201c","isPartOf":{"@id":"http:\/\/www.agencija-jajce.ba\/#website"},"primaryImageOfPage":{"@id":"http:\/\/www.agencija-jajce.ba\/it\/galleria-dell-arte\/#primaryimage"},"image":{"@id":"http:\/\/www.agencija-jajce.ba\/it\/galleria-dell-arte\/#primaryimage"},"thumbnailUrl":"https:\/\/www.agencija-jajce.ba\/wp-content\/uploads\/2017\/03\/galerija.jpg","datePublished":"2017-03-04T22:47:03+00:00","breadcrumb":{"@id":"http:\/\/www.agencija-jajce.ba\/it\/galleria-dell-arte\/#breadcrumb"},"inLanguage":"it-IT","potentialAction":[{"@type":"ReadAction","target":["http:\/\/www.agencija-jajce.ba\/it\/galleria-dell-arte\/"]}]},{"@type":"ImageObject","inLanguage":"it-IT","@id":"http:\/\/www.agencija-jajce.ba\/it\/galleria-dell-arte\/#primaryimage","url":"https:\/\/www.agencija-jajce.ba\/wp-content\/uploads\/2017\/03\/galerija.jpg","contentUrl":"https:\/\/www.agencija-jajce.ba\/wp-content\/uploads\/2017\/03\/galerija.jpg","width":500,"height":333},{"@type":"BreadcrumbList","@id":"http:\/\/www.agencija-jajce.ba\/it\/galleria-dell-arte\/#breadcrumb","itemListElement":[{"@type":"ListItem","position":1,"name":"Home","item":"http:\/\/www.agencija-jajce.ba\/it\/"},{"@type":"ListItem","position":2,"name":"Galleria dell&#8217;arte"}]},{"@type":"WebSite","@id":"http:\/\/www.agencija-jajce.ba\/#website","url":"http:\/\/www.agencija-jajce.ba\/","name":"JU \u201eAgencija za kulturno-povijesnu i prirodnu ba\u0161tinu i razvoj turisti\u010dkih potencijala grada Jajca\u201c","description":"","publisher":{"@id":"http:\/\/www.agencija-jajce.ba\/#organization"},"potentialAction":[{"@type":"SearchAction","target":{"@type":"EntryPoint","urlTemplate":"http:\/\/www.agencija-jajce.ba\/?s={search_term_string}"},"query-input":{"@type":"PropertyValueSpecification","valueRequired":true,"valueName":"search_term_string"}}],"inLanguage":"it-IT"},{"@type":"Organization","@id":"http:\/\/www.agencija-jajce.ba\/#organization","name":"JU \u201eAgencija Jajce\u201c","url":"http:\/\/www.agencija-jajce.ba\/","logo":{"@type":"ImageObject","inLanguage":"it-IT","@id":"http:\/\/www.agencija-jajce.ba\/#\/schema\/logo\/image\/","url":"https:\/\/www.agencija-jajce.ba\/wp-content\/uploads\/2020\/05\/Agencija-logo-color.png","contentUrl":"https:\/\/www.agencija-jajce.ba\/wp-content\/uploads\/2020\/05\/Agencija-logo-color.png","width":1359,"height":1464,"caption":"JU \u201eAgencija Jajce\u201c"},"image":{"@id":"http:\/\/www.agencija-jajce.ba\/#\/schema\/logo\/image\/"}},{"@type":"Person","@id":"http:\/\/www.agencija-jajce.ba\/#\/schema\/person\/4d86f7882d1ed6bc5a0772d2a4aef29b","name":"Admin","image":{"@type":"ImageObject","inLanguage":"it-IT","@id":"http:\/\/www.agencija-jajce.ba\/#\/schema\/person\/image\/","url":"https:\/\/secure.gravatar.com\/avatar\/cabec6f085012315bcbd5f51741e9ba9f360e7567799100769c58a28c83c6574?s=96&d=mm&r=g","contentUrl":"https:\/\/secure.gravatar.com\/avatar\/cabec6f085012315bcbd5f51741e9ba9f360e7567799100769c58a28c83c6574?s=96&d=mm&r=g","caption":"Admin"}}]}},"_links":{"self":[{"href":"https:\/\/www.agencija-jajce.ba\/it\/wp-json\/wp\/v2\/posts\/4238","targetHints":{"allow":["GET"]}}],"collection":[{"href":"https:\/\/www.agencija-jajce.ba\/it\/wp-json\/wp\/v2\/posts"}],"about":[{"href":"https:\/\/www.agencija-jajce.ba\/it\/wp-json\/wp\/v2\/types\/post"}],"author":[{"embeddable":true,"href":"https:\/\/www.agencija-jajce.ba\/it\/wp-json\/wp\/v2\/users\/1"}],"replies":[{"embeddable":true,"href":"https:\/\/www.agencija-jajce.ba\/it\/wp-json\/wp\/v2\/comments?post=4238"}],"version-history":[{"count":0,"href":"https:\/\/www.agencija-jajce.ba\/it\/wp-json\/wp\/v2\/posts\/4238\/revisions"}],"wp:featuredmedia":[{"embeddable":true,"href":"https:\/\/www.agencija-jajce.ba\/it\/wp-json\/wp\/v2\/media\/4239"}],"wp:attachment":[{"href":"https:\/\/www.agencija-jajce.ba\/it\/wp-json\/wp\/v2\/media?parent=4238"}],"wp:term":[{"taxonomy":"category","embeddable":true,"href":"https:\/\/www.agencija-jajce.ba\/it\/wp-json\/wp\/v2\/categories?post=4238"},{"taxonomy":"post_tag","embeddable":true,"href":"https:\/\/www.agencija-jajce.ba\/it\/wp-json\/wp\/v2\/tags?post=4238"}],"curies":[{"name":"wp","href":"https:\/\/api.w.org\/{rel}","templated":true}]}}