{"id":4232,"date":"2017-03-04T23:16:07","date_gmt":"2017-03-04T23:16:07","guid":{"rendered":"https:\/\/www.agencija-jajce.ba\/montagne\/"},"modified":"2017-03-04T23:16:07","modified_gmt":"2017-03-04T23:16:07","slug":"montagne","status":"publish","type":"post","link":"https:\/\/www.agencija-jajce.ba\/it\/montagne\/","title":{"rendered":"Montagne"},"content":{"rendered":"<p class=\"MsoNoSpacing\"><span lang=\"SH\">Jajce e circondato dalle montagne di media altezza: Hum, Ran\u010de, Dnolu\u010dka planina, Bukovica-germoglio di Radalj e \u0106usine-la parte di Gorica. <\/span><\/p>\n<p class=\"MsoNoSpacing\"><span lang=\"SH\">Le montagne offrono tutti i modi di soggiorno attivo in natura: passeggiate per i viali segnati, botanica e raccolta dell&#8217;erbe medicinali e dei funghi, alpinismo, speologia, corsi in bicicletta, sci, arrampicazione in canyon. <\/span><\/p>\n<p class=\"MsoNoSpacing\"><span lang=\"SH\">Tra la diversa flora di montagna Hum, speciale attenzione meritano tre speci endemiche: campanula stellata ( Onosma Stellulata ), campanula di Hofmann ( Symphyandra Hofmanni ) e giovane giallicio ( Corydalis Ochroleuca ).<\/span><\/p>\n<\/p>\n<p><img decoding=\"async\" class=\" size-full wp-image-77\" src=\"https:\/\/www.agencija-jajce.ba\/wp-content\/uploads\/2017\/03\/planine3.jpg\" width=\"500\" height=\"375\" border=\"0\" srcset=\"https:\/\/www.agencija-jajce.ba\/wp-content\/uploads\/2017\/03\/planine3.jpg 500w, https:\/\/www.agencija-jajce.ba\/wp-content\/uploads\/2017\/03\/planine3-300x225.jpg 300w\" sizes=\"(max-width: 500px) 100vw, 500px\" \/><\/p>\n<p><img decoding=\"async\" class=\" size-full wp-image-78\" src=\"https:\/\/www.agencija-jajce.ba\/wp-content\/uploads\/2017\/03\/planine.jpg\" width=\"500\" height=\"333\" border=\"0\" srcset=\"https:\/\/www.agencija-jajce.ba\/wp-content\/uploads\/2017\/03\/planine.jpg 500w, https:\/\/www.agencija-jajce.ba\/wp-content\/uploads\/2017\/03\/planine-300x200.jpg 300w\" sizes=\"(max-width: 500px) 100vw, 500px\" \/><\/p>\n","protected":false},"excerpt":{"rendered":"<p>Jajce e circondato dalle montagne di media altezza: Hum, Ran\u010de, Dnolu\u010dka planina, Bukovica-germoglio di Radalj e \u0106usine-la parte di Gorica. Le montagne offrono tutti i modi di soggiorno attivo in natura: passeggiate per i viali segnati, botanica e raccolta dell&#8217;erbe medicinali e dei funghi, alpinismo, speologia, corsi in bicicletta, sci, arrampicazione in canyon. Tra la diversa flora di montagna Hum, speciale attenzione meritano tre speci endemiche: campanula stellata ( Onosma Stellulata ), campanula di Hofmann ( Symphyandra Hofmanni ) e giovane giallicio ( Corydalis Ochroleuca ).<\/p>\n","protected":false},"author":1,"featured_media":4233,"comment_status":"open","ping_status":"open","sticky":false,"template":"","format":"standard","meta":{"footnotes":""},"categories":[79],"tags":[],"class_list":["post-4232","post","type-post","status-publish","format-standard","has-post-thumbnail","hentry","category-italian-it"],"yoast_head":"<!-- This site is optimized with the Yoast SEO Premium plugin v21.2 (Yoast SEO v26.3) - https:\/\/yoast.com\/wordpress\/plugins\/seo\/ -->\n<title>Montagne - JU \u201eAgencija za kulturno-povijesnu i prirodnu ba\u0161tinu i razvoj turisti\u010dkih potencijala grada Jajca\u201c<\/title>\n<meta name=\"robots\" content=\"index, follow, max-snippet:-1, max-image-preview:large, max-video-preview:-1\" \/>\n<link rel=\"canonical\" href=\"http:\/\/www.agencija-jajce.ba\/it\/montagne\/\" \/>\n<meta property=\"og:locale\" content=\"it_IT\" \/>\n<meta property=\"og:type\" content=\"article\" \/>\n<meta property=\"og:title\" content=\"Montagne\" \/>\n<meta property=\"og:description\" content=\"Jajce e circondato dalle montagne di media altezza: Hum, Ran\u010de, Dnolu\u010dka planina, Bukovica-germoglio di Radalj e \u0106usine-la parte di Gorica. Le montagne offrono tutti i modi di soggiorno attivo in natura: passeggiate per i viali segnati, botanica e raccolta dell&#8217;erbe medicinali e dei funghi, alpinismo, speologia, corsi in bicicletta, sci, arrampicazione in canyon. Tra la diversa flora di montagna Hum, speciale attenzione meritano tre speci endemiche: campanula stellata ( Onosma Stellulata ), campanula di Hofmann ( Symphyandra Hofmanni ) e giovane giallicio ( Corydalis Ochroleuca ).\" \/>\n<meta property=\"og:url\" content=\"http:\/\/www.agencija-jajce.ba\/it\/montagne\/\" \/>\n<meta property=\"og:site_name\" content=\"JU \u201eAgencija za kulturno-povijesnu i prirodnu ba\u0161tinu i razvoj turisti\u010dkih potencijala grada Jajca\u201c\" \/>\n<meta property=\"article:published_time\" content=\"2017-03-04T23:16:07+00:00\" \/>\n<meta property=\"og:image\" content=\"http:\/\/www.agencija-jajce.ba\/wp-content\/uploads\/2017\/03\/planine2.jpg\" \/>\n\t<meta property=\"og:image:width\" content=\"500\" \/>\n\t<meta property=\"og:image:height\" content=\"375\" \/>\n\t<meta property=\"og:image:type\" content=\"image\/jpeg\" \/>\n<meta name=\"author\" content=\"Admin\" \/>\n<meta name=\"twitter:card\" content=\"summary_large_image\" \/>\n<meta name=\"twitter:label1\" content=\"Scritto da\" \/>\n\t<meta name=\"twitter:data1\" content=\"Admin\" \/>\n<script type=\"application\/ld+json\" class=\"yoast-schema-graph\">{\"@context\":\"https:\/\/schema.org\",\"@graph\":[{\"@type\":\"Article\",\"@id\":\"http:\/\/www.agencija-jajce.ba\/it\/montagne\/#article\",\"isPartOf\":{\"@id\":\"http:\/\/www.agencija-jajce.ba\/it\/montagne\/\"},\"author\":{\"name\":\"Admin\",\"@id\":\"http:\/\/www.agencija-jajce.ba\/#\/schema\/person\/4d86f7882d1ed6bc5a0772d2a4aef29b\"},\"headline\":\"Montagne\",\"datePublished\":\"2017-03-04T23:16:07+00:00\",\"mainEntityOfPage\":{\"@id\":\"http:\/\/www.agencija-jajce.ba\/it\/montagne\/\"},\"wordCount\":83,\"commentCount\":0,\"publisher\":{\"@id\":\"http:\/\/www.agencija-jajce.ba\/#organization\"},\"image\":{\"@id\":\"http:\/\/www.agencija-jajce.ba\/it\/montagne\/#primaryimage\"},\"thumbnailUrl\":\"https:\/\/www.agencija-jajce.ba\/wp-content\/uploads\/2017\/03\/planine2.jpg\",\"articleSection\":[\"Italian\"],\"inLanguage\":\"it-IT\"},{\"@type\":\"WebPage\",\"@id\":\"http:\/\/www.agencija-jajce.ba\/it\/montagne\/\",\"url\":\"http:\/\/www.agencija-jajce.ba\/it\/montagne\/\",\"name\":\"Montagne - JU \u201eAgencija za kulturno-povijesnu i prirodnu ba\u0161tinu i razvoj turisti\u010dkih potencijala grada Jajca\u201c\",\"isPartOf\":{\"@id\":\"http:\/\/www.agencija-jajce.ba\/#website\"},\"primaryImageOfPage\":{\"@id\":\"http:\/\/www.agencija-jajce.ba\/it\/montagne\/#primaryimage\"},\"image\":{\"@id\":\"http:\/\/www.agencija-jajce.ba\/it\/montagne\/#primaryimage\"},\"thumbnailUrl\":\"https:\/\/www.agencija-jajce.ba\/wp-content\/uploads\/2017\/03\/planine2.jpg\",\"datePublished\":\"2017-03-04T23:16:07+00:00\",\"breadcrumb\":{\"@id\":\"http:\/\/www.agencija-jajce.ba\/it\/montagne\/#breadcrumb\"},\"inLanguage\":\"it-IT\",\"potentialAction\":[{\"@type\":\"ReadAction\",\"target\":[\"http:\/\/www.agencija-jajce.ba\/it\/montagne\/\"]}]},{\"@type\":\"ImageObject\",\"inLanguage\":\"it-IT\",\"@id\":\"http:\/\/www.agencija-jajce.ba\/it\/montagne\/#primaryimage\",\"url\":\"https:\/\/www.agencija-jajce.ba\/wp-content\/uploads\/2017\/03\/planine2.jpg\",\"contentUrl\":\"https:\/\/www.agencija-jajce.ba\/wp-content\/uploads\/2017\/03\/planine2.jpg\",\"width\":500,\"height\":375},{\"@type\":\"BreadcrumbList\",\"@id\":\"http:\/\/www.agencija-jajce.ba\/it\/montagne\/#breadcrumb\",\"itemListElement\":[{\"@type\":\"ListItem\",\"position\":1,\"name\":\"Home\",\"item\":\"http:\/\/www.agencija-jajce.ba\/it\/\"},{\"@type\":\"ListItem\",\"position\":2,\"name\":\"Montagne\"}]},{\"@type\":\"WebSite\",\"@id\":\"http:\/\/www.agencija-jajce.ba\/#website\",\"url\":\"http:\/\/www.agencija-jajce.ba\/\",\"name\":\"JU \u201eAgencija za kulturno-povijesnu i prirodnu ba\u0161tinu i razvoj turisti\u010dkih potencijala grada Jajca\u201c\",\"description\":\"\",\"publisher\":{\"@id\":\"http:\/\/www.agencija-jajce.ba\/#organization\"},\"potentialAction\":[{\"@type\":\"SearchAction\",\"target\":{\"@type\":\"EntryPoint\",\"urlTemplate\":\"http:\/\/www.agencija-jajce.ba\/?s={search_term_string}\"},\"query-input\":{\"@type\":\"PropertyValueSpecification\",\"valueRequired\":true,\"valueName\":\"search_term_string\"}}],\"inLanguage\":\"it-IT\"},{\"@type\":\"Organization\",\"@id\":\"http:\/\/www.agencija-jajce.ba\/#organization\",\"name\":\"JU \u201eAgencija Jajce\u201c\",\"url\":\"http:\/\/www.agencija-jajce.ba\/\",\"logo\":{\"@type\":\"ImageObject\",\"inLanguage\":\"it-IT\",\"@id\":\"http:\/\/www.agencija-jajce.ba\/#\/schema\/logo\/image\/\",\"url\":\"https:\/\/www.agencija-jajce.ba\/wp-content\/uploads\/2020\/05\/Agencija-logo-color.png\",\"contentUrl\":\"https:\/\/www.agencija-jajce.ba\/wp-content\/uploads\/2020\/05\/Agencija-logo-color.png\",\"width\":1359,\"height\":1464,\"caption\":\"JU \u201eAgencija Jajce\u201c\"},\"image\":{\"@id\":\"http:\/\/www.agencija-jajce.ba\/#\/schema\/logo\/image\/\"}},{\"@type\":\"Person\",\"@id\":\"http:\/\/www.agencija-jajce.ba\/#\/schema\/person\/4d86f7882d1ed6bc5a0772d2a4aef29b\",\"name\":\"Admin\",\"image\":{\"@type\":\"ImageObject\",\"inLanguage\":\"it-IT\",\"@id\":\"http:\/\/www.agencija-jajce.ba\/#\/schema\/person\/image\/\",\"url\":\"https:\/\/secure.gravatar.com\/avatar\/cabec6f085012315bcbd5f51741e9ba9f360e7567799100769c58a28c83c6574?s=96&d=mm&r=g\",\"contentUrl\":\"https:\/\/secure.gravatar.com\/avatar\/cabec6f085012315bcbd5f51741e9ba9f360e7567799100769c58a28c83c6574?s=96&d=mm&r=g\",\"caption\":\"Admin\"}}]}<\/script>\n<!-- \/ Yoast SEO Premium plugin. -->","yoast_head_json":{"title":"Montagne - JU \u201eAgencija za kulturno-povijesnu i prirodnu ba\u0161tinu i razvoj turisti\u010dkih potencijala grada Jajca\u201c","robots":{"index":"index","follow":"follow","max-snippet":"max-snippet:-1","max-image-preview":"max-image-preview:large","max-video-preview":"max-video-preview:-1"},"canonical":"http:\/\/www.agencija-jajce.ba\/it\/montagne\/","og_locale":"it_IT","og_type":"article","og_title":"Montagne","og_description":"Jajce e circondato dalle montagne di media altezza: Hum, Ran\u010de, Dnolu\u010dka planina, Bukovica-germoglio di Radalj e \u0106usine-la parte di Gorica. Le montagne offrono tutti i modi di soggiorno attivo in natura: passeggiate per i viali segnati, botanica e raccolta dell&#8217;erbe medicinali e dei funghi, alpinismo, speologia, corsi in bicicletta, sci, arrampicazione in canyon. Tra la diversa flora di montagna Hum, speciale attenzione meritano tre speci endemiche: campanula stellata ( Onosma Stellulata ), campanula di Hofmann ( Symphyandra Hofmanni ) e giovane giallicio ( Corydalis Ochroleuca ).","og_url":"http:\/\/www.agencija-jajce.ba\/it\/montagne\/","og_site_name":"JU \u201eAgencija za kulturno-povijesnu i prirodnu ba\u0161tinu i razvoj turisti\u010dkih potencijala grada Jajca\u201c","article_published_time":"2017-03-04T23:16:07+00:00","og_image":[{"width":500,"height":375,"url":"http:\/\/www.agencija-jajce.ba\/wp-content\/uploads\/2017\/03\/planine2.jpg","type":"image\/jpeg"}],"author":"Admin","twitter_card":"summary_large_image","twitter_misc":{"Scritto da":"Admin"},"schema":{"@context":"https:\/\/schema.org","@graph":[{"@type":"Article","@id":"http:\/\/www.agencija-jajce.ba\/it\/montagne\/#article","isPartOf":{"@id":"http:\/\/www.agencija-jajce.ba\/it\/montagne\/"},"author":{"name":"Admin","@id":"http:\/\/www.agencija-jajce.ba\/#\/schema\/person\/4d86f7882d1ed6bc5a0772d2a4aef29b"},"headline":"Montagne","datePublished":"2017-03-04T23:16:07+00:00","mainEntityOfPage":{"@id":"http:\/\/www.agencija-jajce.ba\/it\/montagne\/"},"wordCount":83,"commentCount":0,"publisher":{"@id":"http:\/\/www.agencija-jajce.ba\/#organization"},"image":{"@id":"http:\/\/www.agencija-jajce.ba\/it\/montagne\/#primaryimage"},"thumbnailUrl":"https:\/\/www.agencija-jajce.ba\/wp-content\/uploads\/2017\/03\/planine2.jpg","articleSection":["Italian"],"inLanguage":"it-IT"},{"@type":"WebPage","@id":"http:\/\/www.agencija-jajce.ba\/it\/montagne\/","url":"http:\/\/www.agencija-jajce.ba\/it\/montagne\/","name":"Montagne - JU \u201eAgencija za kulturno-povijesnu i prirodnu ba\u0161tinu i razvoj turisti\u010dkih potencijala grada Jajca\u201c","isPartOf":{"@id":"http:\/\/www.agencija-jajce.ba\/#website"},"primaryImageOfPage":{"@id":"http:\/\/www.agencija-jajce.ba\/it\/montagne\/#primaryimage"},"image":{"@id":"http:\/\/www.agencija-jajce.ba\/it\/montagne\/#primaryimage"},"thumbnailUrl":"https:\/\/www.agencija-jajce.ba\/wp-content\/uploads\/2017\/03\/planine2.jpg","datePublished":"2017-03-04T23:16:07+00:00","breadcrumb":{"@id":"http:\/\/www.agencija-jajce.ba\/it\/montagne\/#breadcrumb"},"inLanguage":"it-IT","potentialAction":[{"@type":"ReadAction","target":["http:\/\/www.agencija-jajce.ba\/it\/montagne\/"]}]},{"@type":"ImageObject","inLanguage":"it-IT","@id":"http:\/\/www.agencija-jajce.ba\/it\/montagne\/#primaryimage","url":"https:\/\/www.agencija-jajce.ba\/wp-content\/uploads\/2017\/03\/planine2.jpg","contentUrl":"https:\/\/www.agencija-jajce.ba\/wp-content\/uploads\/2017\/03\/planine2.jpg","width":500,"height":375},{"@type":"BreadcrumbList","@id":"http:\/\/www.agencija-jajce.ba\/it\/montagne\/#breadcrumb","itemListElement":[{"@type":"ListItem","position":1,"name":"Home","item":"http:\/\/www.agencija-jajce.ba\/it\/"},{"@type":"ListItem","position":2,"name":"Montagne"}]},{"@type":"WebSite","@id":"http:\/\/www.agencija-jajce.ba\/#website","url":"http:\/\/www.agencija-jajce.ba\/","name":"JU \u201eAgencija za kulturno-povijesnu i prirodnu ba\u0161tinu i razvoj turisti\u010dkih potencijala grada Jajca\u201c","description":"","publisher":{"@id":"http:\/\/www.agencija-jajce.ba\/#organization"},"potentialAction":[{"@type":"SearchAction","target":{"@type":"EntryPoint","urlTemplate":"http:\/\/www.agencija-jajce.ba\/?s={search_term_string}"},"query-input":{"@type":"PropertyValueSpecification","valueRequired":true,"valueName":"search_term_string"}}],"inLanguage":"it-IT"},{"@type":"Organization","@id":"http:\/\/www.agencija-jajce.ba\/#organization","name":"JU \u201eAgencija Jajce\u201c","url":"http:\/\/www.agencija-jajce.ba\/","logo":{"@type":"ImageObject","inLanguage":"it-IT","@id":"http:\/\/www.agencija-jajce.ba\/#\/schema\/logo\/image\/","url":"https:\/\/www.agencija-jajce.ba\/wp-content\/uploads\/2020\/05\/Agencija-logo-color.png","contentUrl":"https:\/\/www.agencija-jajce.ba\/wp-content\/uploads\/2020\/05\/Agencija-logo-color.png","width":1359,"height":1464,"caption":"JU \u201eAgencija Jajce\u201c"},"image":{"@id":"http:\/\/www.agencija-jajce.ba\/#\/schema\/logo\/image\/"}},{"@type":"Person","@id":"http:\/\/www.agencija-jajce.ba\/#\/schema\/person\/4d86f7882d1ed6bc5a0772d2a4aef29b","name":"Admin","image":{"@type":"ImageObject","inLanguage":"it-IT","@id":"http:\/\/www.agencija-jajce.ba\/#\/schema\/person\/image\/","url":"https:\/\/secure.gravatar.com\/avatar\/cabec6f085012315bcbd5f51741e9ba9f360e7567799100769c58a28c83c6574?s=96&d=mm&r=g","contentUrl":"https:\/\/secure.gravatar.com\/avatar\/cabec6f085012315bcbd5f51741e9ba9f360e7567799100769c58a28c83c6574?s=96&d=mm&r=g","caption":"Admin"}}]}},"_links":{"self":[{"href":"https:\/\/www.agencija-jajce.ba\/it\/wp-json\/wp\/v2\/posts\/4232","targetHints":{"allow":["GET"]}}],"collection":[{"href":"https:\/\/www.agencija-jajce.ba\/it\/wp-json\/wp\/v2\/posts"}],"about":[{"href":"https:\/\/www.agencija-jajce.ba\/it\/wp-json\/wp\/v2\/types\/post"}],"author":[{"embeddable":true,"href":"https:\/\/www.agencija-jajce.ba\/it\/wp-json\/wp\/v2\/users\/1"}],"replies":[{"embeddable":true,"href":"https:\/\/www.agencija-jajce.ba\/it\/wp-json\/wp\/v2\/comments?post=4232"}],"version-history":[{"count":0,"href":"https:\/\/www.agencija-jajce.ba\/it\/wp-json\/wp\/v2\/posts\/4232\/revisions"}],"wp:featuredmedia":[{"embeddable":true,"href":"https:\/\/www.agencija-jajce.ba\/it\/wp-json\/wp\/v2\/media\/4233"}],"wp:attachment":[{"href":"https:\/\/www.agencija-jajce.ba\/it\/wp-json\/wp\/v2\/media?parent=4232"}],"wp:term":[{"taxonomy":"category","embeddable":true,"href":"https:\/\/www.agencija-jajce.ba\/it\/wp-json\/wp\/v2\/categories?post=4232"},{"taxonomy":"post_tag","embeddable":true,"href":"https:\/\/www.agencija-jajce.ba\/it\/wp-json\/wp\/v2\/tags?post=4232"}],"curies":[{"name":"wp","href":"https:\/\/api.w.org\/{rel}","templated":true}]}}