{"id":4219,"date":"2017-03-04T23:55:54","date_gmt":"2017-03-04T23:55:54","guid":{"rendered":"https:\/\/www.agencija-jajce.ba\/calendario-degli-eventi\/"},"modified":"2017-03-04T23:55:54","modified_gmt":"2017-03-04T23:55:54","slug":"calendario-degli-eventi","status":"publish","type":"post","link":"https:\/\/www.agencija-jajce.ba\/it\/calendario-degli-eventi\/","title":{"rendered":"Calendario degli eventi"},"content":{"rendered":"<table border=\"0\" width=\"505\">\n<tbody>\n<tr>\n<td bgcolor=\"#CCCCCC\"><strong>Aprile<\/strong><\/td>\n<\/tr>\n<tr>\n<td>\n<p class=\"MsoNoSpacing\"><strong><span lang=\"SH\" style=\"font-size: 7.5pt; font-family: 'Verdana','sans-serif'; mso-ansi-language: SH;\">Plivske omahe<\/span><\/strong><span lang=\"SH\" style=\"font-size: 7.5pt; font-family: 'Verdana','sans-serif'; mso-ansi-language: SH;\">, il festivale della poesia e musica sacrale<br \/><\/span><em style=\"line-height: 1.3em;\"><span lang=\"SH\" style=\"font-size: 7.5pt; font-family: 'Verdana','sans-serif'; mso-ansi-language: SH;\">Organizzazione: Dom kulture Jajce (Casa di cultura Jajce), via Hrvoja Vuk\u010di\u0107a Hrvatini\u0107a 10,<br \/><\/span><\/em><em style=\"line-height: 1.3em;\"><span lang=\"SH\" style=\"font-size: 7.5pt; font-family: 'Verdana','sans-serif'; mso-ansi-language: SH;\">tel: (0)30 659 541, fax: (0)30 659 696<\/span><\/em><\/p>\n<p>\u00a0<\/p>\n<\/td>\n<\/tr>\n<tr>\n<td bgcolor=\"#CCCCCC\"><strong>Maggio<\/strong><\/td>\n<\/tr>\n<tr>\n<td><strong style=\"line-height: 1.3em;\"><span lang=\"SH\" style=\"font-size: 7.5pt; font-family: 'Verdana','sans-serif'; mso-ansi-language: SH;\">Biciklijada<\/span><\/strong><span lang=\"SH\" style=\"font-size: 7.5pt; line-height: 1.3em; font-family: Verdana, sans-serif;\">, il corso in bicicletta sportivo e ricreativo, direzione Jajce-Jezero-\u0160ipovo lungo il fiume Pliva. Si svolge il 12 maggio.<br \/><em style=\"font-family: Verdana, Arial, Helvetica, sans-serif; line-height: 1.3em;\"><span lang=\"SH\" style=\"font-size: 7.5pt; font-family: 'Verdana','sans-serif'; mso-ansi-language: SH;\">Organizzazione: Planinarsko dru\u0161tvo \u0106usine (Associazione alpina \u0106usine), mob: (0)65 158 528<\/span><\/em><br \/><\/span><em><br \/> <\/em><\/td>\n<\/tr>\n<tr>\n<td bgcolor=\"#CCCCCC\"><strong>Giugno<\/strong><\/td>\n<\/tr>\n<tr>\n<td>\n<p class=\"MsoNoSpacing\"><strong><span lang=\"SH\" style=\"font-size: 7.5pt; font-family: 'Verdana','sans-serif'; mso-ansi-language: SH;\">Pozori\u0161ne\/kazali\u0161ne igre<\/span><\/strong><span lang=\"SH\" style=\"font-size: 7.5pt; font-family: 'Verdana','sans-serif'; mso-ansi-language: SH;\"> Bosne i Hercegovine, il festivale del teatro con la tradizione lunga piu di 30 anni. Si svolge nella prima parte di giugno in Casa di cultura Jajce e dura 7 giorni.<br \/><\/span><em style=\"line-height: 1.3em;\"><span lang=\"SH\" style=\"font-size: 7.5pt; font-family: 'Verdana','sans-serif'; mso-ansi-language: SH;\">Organizzazione: Dom kulture Jajce (Casa di cultura Jajce), via Hrvoja Vuk\u010di\u0107a Hrvatini\u0107a 10,<br \/><\/span><\/em><em style=\"line-height: 1.3em;\"><span lang=\"SH\" style=\"font-size: 7.5pt; font-family: 'Verdana','sans-serif'; mso-ansi-language: SH;\">tel: (0)30 659 541, fax: (0)30 659 696<\/span><\/em><\/p>\n<p class=\"MsoNoSpacing\"><strong><span lang=\"SH\" style=\"font-size: 7.5pt; font-family: 'Verdana','sans-serif'; mso-ansi-language: SH;\">Rafting regata su Vrbas<\/span><\/strong><span lang=\"SH\" style=\"font-size: 7.5pt; font-family: 'Verdana','sans-serif'; mso-ansi-language: SH;\"> da Torlakovac fino alla cascata. Si svolge meta giugno.<br \/><\/span><em style=\"line-height: 1.3em;\"><span lang=\"SH\" style=\"font-size: 7.5pt; font-family: 'Verdana','sans-serif'; mso-ansi-language: SH;\">Organizzazione: <\/span><\/em><span class=\"A3\" style=\"line-height: 1.3em;\"><em><span lang=\"EN-US\" style=\"font-size: 7.5pt; font-family: 'Verdana','sans-serif';\">Rafting klub Jajce, mob: (0)63 953 622<\/span><\/em><\/span><\/p>\n<p class=\"MsoNoSpacing\"><strong><span lang=\"SH\" style=\"font-size: 7.5pt; font-family: 'Verdana','sans-serif'; mso-ansi-language: SH;\">Incontri di motoristi<\/span><\/strong><span lang=\"SH\" style=\"font-size: 7.5pt; font-family: 'Verdana','sans-serif'; mso-ansi-language: SH;\">, organizzazione: moto <\/span><span class=\"A3\"><span lang=\"EN-US\" style=\"font-size: 7.5pt; font-family: 'Verdana','sans-serif';\">klub Padrino, mob: (0)63 998 851, (0)63 325 537<\/span><\/span><\/p>\n<p class=\"MsoNoSpacing\"><strong><span lang=\"SH\" style=\"font-size: 7.5pt; font-family: 'Verdana','sans-serif'; mso-ansi-language: SH;\">Sv. Ivan Krstitelj <\/span><\/strong><span lang=\"SH\" style=\"font-size: 7.5pt; font-family: 'Verdana','sans-serif'; mso-ansi-language: SH;\">(San Giovanni Battista), il 24 giugno<br \/><\/span><em style=\"text-align: justify; line-height: 1.3em;\"><span lang=\"SH\" style=\"font-size: 7.5pt; font-family: 'Verdana','sans-serif'; mso-ansi-language: SH;\">Organizzazione: \u017dupa <\/span><\/em><span class=\"A3\" style=\"text-align: justify; line-height: 1.3em;\"><em><span lang=\"EN-US\" style=\"font-size: 7.5pt; font-family: 'Verdana','sans-serif';\">Sv. Ivana Krstitelja (Parocchia di San Giovanni Battista), Podmila\u010dje, p.p. 24, tel\/fax: (0)30 645 044<br \/><\/span><\/em><\/span><em style=\"line-height: 1.3em;\"><span lang=\"EN-US\" style=\"font-size: 7.5pt; font-family: 'Verdana','sans-serif';\">mail: <a href=\"mailto:zupapodmilacje@gmail.com\">zupapodmilacje@gmail.com<\/a><span style=\"display: none;\">Questo indirizzo email \u00e8 protetto dagli spambots. E&#8217; necessario abilitare JavaScript per vederlo. <\/span>, www.zupa-podmilacje.com.<\/span><\/em><\/p>\n<\/td>\n<\/tr>\n<tr>\n<td bgcolor=\"#CCCCCC\"><strong>Luglio<\/strong><\/td>\n<\/tr>\n<tr>\n<td><strong style=\"line-height: 1.3em;\"><span lang=\"SH\" style=\"font-size: 7.5pt; font-family: 'Verdana','sans-serif'; mso-ansi-language: SH;\">Plivski susreti, <\/span><\/strong><span lang=\"SH\" style=\"font-size: 7.5pt; line-height: 1.3em; font-family: Verdana, sans-serif;\"> l&#8217;incontro ricreativo di sport e cultura sui Laghi di Pliva<br \/><em style=\"font-family: Verdana, Arial, Helvetica, sans-serif; line-height: 1.3em;\"><span lang=\"SH\" style=\"font-size: 7.5pt; font-family: 'Verdana','sans-serif'; mso-ansi-language: SH;\">Organizzazione: <\/span><\/em><span class=\"A3\" style=\"font-family: Verdana, Arial, Helvetica, sans-serif; line-height: 1.3em;\"><em><span lang=\"EN-US\" style=\"font-size: 7.5pt; font-family: 'Verdana','sans-serif';\">Planinarsko dru\u0161tvo \u201e\u0106usine\u201c <\/span><\/em><\/span><em style=\"font-family: Verdana, Arial, Helvetica, sans-serif; line-height: 1.3em;\"><span lang=\"SH\" style=\"font-size: 7.5pt; font-family: 'Verdana','sans-serif'; mso-ansi-language: SH;\">(Associazione alpina \u0106usine),<\/span><\/em><span class=\"A3\" style=\"font-family: Verdana, Arial, Helvetica, sans-serif; line-height: 1.3em;\"><em><span lang=\"EN-US\" style=\"font-size: 7.5pt; font-family: 'Verdana','sans-serif';\"> mob: (0)65 158 528.<\/span><\/em><\/span><em style=\"font-family: Verdana, Arial, Helvetica, sans-serif; line-height: 1.3em;\">.<\/em><br \/><\/span><em><br \/> <\/em><\/td>\n<\/tr>\n<tr>\n<td bgcolor=\"#CCCCCC\"><strong>Settembre<\/strong><\/td>\n<\/tr>\n<tr>\n<td>\n<p class=\"MsoNoSpacing\"><strong><span lang=\"SH\" style=\"font-size: 7.5pt; font-family: 'Verdana','sans-serif'; mso-ansi-language: SH;\">Septembarske ve\u010deri<\/span><\/strong><span lang=\"SH\" style=\"font-size: 7.5pt; font-family: 'Verdana','sans-serif'; mso-ansi-language: SH;\">, la competizione degli appassionati\u00a0 in canto, ultimo fine settimana \u00a0in settembre<br \/><\/span><span style=\"font-family: Verdana, sans-serif; font-size: 7.5pt; line-height: 1.3em;\">Organizzazione: Dom kulture Jajce (Casa di cultura Jajce), via Hrvoja Vuk\u010di\u0107a Hrvatini\u0107a 10,<br \/><\/span><span style=\"font-family: Verdana, sans-serif; font-size: 7.5pt; line-height: 1.3em;\">tel: (0)30 659 541, fax: (0)30 659 696<\/span><\/p>\n<p class=\"MsoNoSpacing\"><strong><span lang=\"SH\" style=\"font-size: 7.5pt; font-family: 'Verdana','sans-serif'; mso-ansi-language: SH;\">\u0160opovi dani na Plivi<\/span><\/strong><span lang=\"SH\" style=\"font-size: 7.5pt; font-family: 'Verdana','sans-serif'; mso-ansi-language: SH;\">, le serate di poesia e dell&#8217;arte<br \/><\/span><em style=\"line-height: 1.3em;\"><span lang=\"SH\" style=\"font-size: 7.5pt; font-family: 'Verdana','sans-serif'; mso-ansi-language: SH;\">Organizzazione: Hrvatsko kulturno dru\u0161tvo \u201eNapredak\u201c, podru\u017enica \u201eJajce\u201c (Assciazione croata di cultura \u201eNapredak\u201c, filiale \u201eJajce\u201c , via Hrvoja Vuk\u010di\u0107a Hrvatini\u0107a bb, mob: (0)63 297 307<\/span><\/em><\/p>\n<\/td>\n<\/tr>\n<tr>\n<td bgcolor=\"#CCCCCC\"><strong>Novembre<\/strong><\/td>\n<\/tr>\n<tr>\n<td>\n<p class=\"MsoNoSpacing\"><strong><span lang=\"SH\" style=\"font-size: 7.5pt; font-family: 'Verdana','sans-serif'; mso-ansi-language: SH;\">Dani AVNOJ-a<\/span><\/strong><span lang=\"SH\" style=\"font-size: 7.5pt; font-family: 'Verdana','sans-serif'; mso-ansi-language: SH;\">, ultimo sabato in novembre<br \/><\/span><em style=\"line-height: 1.3em;\"><span lang=\"SH\" style=\"font-size: 7.5pt; font-family: 'Verdana','sans-serif'; mso-ansi-language: SH;\">Organizzazione: <\/span><\/em><span class=\"A3\" style=\"line-height: 1.3em;\"><em><span lang=\"EN-US\" style=\"font-size: 7.5pt; font-family: 'Verdana','sans-serif';\">Muzej II zasjedanja AVNOJ-a (Museo di II seduta di AVNOJ) , via II zasjedanja AVNOJ-a, tel: (0) 30 657 998<\/span><\/em><\/span><\/p>\n<\/td>\n<\/tr>\n<\/tbody>\n<\/table>\n","protected":false},"excerpt":{"rendered":"<p>Aprile Plivske omahe, il festivale della poesia e musica sacraleOrganizzazione: Dom kulture Jajce (Casa di cultura Jajce), via Hrvoja Vuk\u010di\u0107a Hrvatini\u0107a 10,tel: (0)30 659 541, fax: (0)30 659 696 \u00a0 Maggio Biciklijada, il corso in bicicletta sportivo e ricreativo, direzione Jajce-Jezero-\u0160ipovo lungo il fiume Pliva. Si svolge il 12 maggio.Organizzazione: Planinarsko dru\u0161tvo \u0106usine (Associazione alpina \u0106usine), mob: (0)65 158 528 Giugno Pozori\u0161ne\/kazali\u0161ne igre Bosne i Hercegovine, il festivale del teatro con la tradizione lunga piu di 30 anni. Si svolge nella prima parte di giugno in Casa di cultura Jajce e dura 7 giorni.Organizzazione: Dom kulture Jajce (Casa di cultura Jajce), via Hrvoja Vuk\u010di\u0107a Hrvatini\u0107a 10,tel: (0)30 659&hellip;<\/p>\n","protected":false},"author":1,"featured_media":0,"comment_status":"open","ping_status":"open","sticky":false,"template":"","format":"standard","meta":{"footnotes":""},"categories":[79],"tags":[],"class_list":["post-4219","post","type-post","status-publish","format-standard","hentry","category-italian-it"],"yoast_head":"<!-- This site is optimized with the Yoast SEO Premium plugin v21.2 (Yoast SEO v26.3) - https:\/\/yoast.com\/wordpress\/plugins\/seo\/ -->\n<title>Calendario degli eventi - JU \u201eAgencija za kulturno-povijesnu i prirodnu ba\u0161tinu i razvoj turisti\u010dkih potencijala grada Jajca\u201c<\/title>\n<meta name=\"robots\" content=\"index, follow, max-snippet:-1, max-image-preview:large, max-video-preview:-1\" \/>\n<link rel=\"canonical\" href=\"http:\/\/www.agencija-jajce.ba\/it\/calendario-degli-eventi\/\" \/>\n<meta property=\"og:locale\" content=\"it_IT\" \/>\n<meta property=\"og:type\" content=\"article\" \/>\n<meta property=\"og:title\" content=\"Calendario degli eventi\" \/>\n<meta property=\"og:description\" content=\"Aprile Plivske omahe, il festivale della poesia e musica sacraleOrganizzazione: Dom kulture Jajce (Casa di cultura Jajce), via Hrvoja Vuk\u010di\u0107a Hrvatini\u0107a 10,tel: (0)30 659 541, fax: (0)30 659 696 \u00a0 Maggio Biciklijada, il corso in bicicletta sportivo e ricreativo, direzione Jajce-Jezero-\u0160ipovo lungo il fiume Pliva. Si svolge il 12 maggio.Organizzazione: Planinarsko dru\u0161tvo \u0106usine (Associazione alpina \u0106usine), mob: (0)65 158 528 Giugno Pozori\u0161ne\/kazali\u0161ne igre Bosne i Hercegovine, il festivale del teatro con la tradizione lunga piu di 30 anni. Si svolge nella prima parte di giugno in Casa di cultura Jajce e dura 7 giorni.Organizzazione: Dom kulture Jajce (Casa di cultura Jajce), via Hrvoja Vuk\u010di\u0107a Hrvatini\u0107a 10,tel: (0)30 659&hellip;\" \/>\n<meta property=\"og:url\" content=\"http:\/\/www.agencija-jajce.ba\/it\/calendario-degli-eventi\/\" \/>\n<meta property=\"og:site_name\" content=\"JU \u201eAgencija za kulturno-povijesnu i prirodnu ba\u0161tinu i razvoj turisti\u010dkih potencijala grada Jajca\u201c\" \/>\n<meta property=\"article:published_time\" content=\"2017-03-04T23:55:54+00:00\" \/>\n<meta name=\"author\" content=\"Admin\" \/>\n<meta name=\"twitter:card\" content=\"summary_large_image\" \/>\n<meta name=\"twitter:label1\" content=\"Scritto da\" \/>\n\t<meta name=\"twitter:data1\" content=\"Admin\" \/>\n\t<meta name=\"twitter:label2\" content=\"Tempo di lettura stimato\" \/>\n\t<meta name=\"twitter:data2\" content=\"1 minuto\" \/>\n<script type=\"application\/ld+json\" class=\"yoast-schema-graph\">{\"@context\":\"https:\/\/schema.org\",\"@graph\":[{\"@type\":\"Article\",\"@id\":\"http:\/\/www.agencija-jajce.ba\/it\/calendario-degli-eventi\/#article\",\"isPartOf\":{\"@id\":\"http:\/\/www.agencija-jajce.ba\/it\/calendario-degli-eventi\/\"},\"author\":{\"name\":\"Admin\",\"@id\":\"http:\/\/www.agencija-jajce.ba\/#\/schema\/person\/4d86f7882d1ed6bc5a0772d2a4aef29b\"},\"headline\":\"Calendario degli eventi\",\"datePublished\":\"2017-03-04T23:55:54+00:00\",\"mainEntityOfPage\":{\"@id\":\"http:\/\/www.agencija-jajce.ba\/it\/calendario-degli-eventi\/\"},\"wordCount\":292,\"commentCount\":0,\"publisher\":{\"@id\":\"http:\/\/www.agencija-jajce.ba\/#organization\"},\"articleSection\":[\"Italian\"],\"inLanguage\":\"it-IT\"},{\"@type\":\"WebPage\",\"@id\":\"http:\/\/www.agencija-jajce.ba\/it\/calendario-degli-eventi\/\",\"url\":\"http:\/\/www.agencija-jajce.ba\/it\/calendario-degli-eventi\/\",\"name\":\"Calendario degli eventi - JU \u201eAgencija za kulturno-povijesnu i prirodnu ba\u0161tinu i razvoj turisti\u010dkih potencijala grada Jajca\u201c\",\"isPartOf\":{\"@id\":\"http:\/\/www.agencija-jajce.ba\/#website\"},\"datePublished\":\"2017-03-04T23:55:54+00:00\",\"breadcrumb\":{\"@id\":\"http:\/\/www.agencija-jajce.ba\/it\/calendario-degli-eventi\/#breadcrumb\"},\"inLanguage\":\"it-IT\",\"potentialAction\":[{\"@type\":\"ReadAction\",\"target\":[\"http:\/\/www.agencija-jajce.ba\/it\/calendario-degli-eventi\/\"]}]},{\"@type\":\"BreadcrumbList\",\"@id\":\"http:\/\/www.agencija-jajce.ba\/it\/calendario-degli-eventi\/#breadcrumb\",\"itemListElement\":[{\"@type\":\"ListItem\",\"position\":1,\"name\":\"Home\",\"item\":\"http:\/\/www.agencija-jajce.ba\/it\/\"},{\"@type\":\"ListItem\",\"position\":2,\"name\":\"Calendario degli eventi\"}]},{\"@type\":\"WebSite\",\"@id\":\"http:\/\/www.agencija-jajce.ba\/#website\",\"url\":\"http:\/\/www.agencija-jajce.ba\/\",\"name\":\"JU \u201eAgencija za kulturno-povijesnu i prirodnu ba\u0161tinu i razvoj turisti\u010dkih potencijala grada Jajca\u201c\",\"description\":\"\",\"publisher\":{\"@id\":\"http:\/\/www.agencija-jajce.ba\/#organization\"},\"potentialAction\":[{\"@type\":\"SearchAction\",\"target\":{\"@type\":\"EntryPoint\",\"urlTemplate\":\"http:\/\/www.agencija-jajce.ba\/?s={search_term_string}\"},\"query-input\":{\"@type\":\"PropertyValueSpecification\",\"valueRequired\":true,\"valueName\":\"search_term_string\"}}],\"inLanguage\":\"it-IT\"},{\"@type\":\"Organization\",\"@id\":\"http:\/\/www.agencija-jajce.ba\/#organization\",\"name\":\"JU \u201eAgencija Jajce\u201c\",\"url\":\"http:\/\/www.agencija-jajce.ba\/\",\"logo\":{\"@type\":\"ImageObject\",\"inLanguage\":\"it-IT\",\"@id\":\"http:\/\/www.agencija-jajce.ba\/#\/schema\/logo\/image\/\",\"url\":\"https:\/\/www.agencija-jajce.ba\/wp-content\/uploads\/2020\/05\/Agencija-logo-color.png\",\"contentUrl\":\"https:\/\/www.agencija-jajce.ba\/wp-content\/uploads\/2020\/05\/Agencija-logo-color.png\",\"width\":1359,\"height\":1464,\"caption\":\"JU \u201eAgencija Jajce\u201c\"},\"image\":{\"@id\":\"http:\/\/www.agencija-jajce.ba\/#\/schema\/logo\/image\/\"}},{\"@type\":\"Person\",\"@id\":\"http:\/\/www.agencija-jajce.ba\/#\/schema\/person\/4d86f7882d1ed6bc5a0772d2a4aef29b\",\"name\":\"Admin\",\"image\":{\"@type\":\"ImageObject\",\"inLanguage\":\"it-IT\",\"@id\":\"http:\/\/www.agencija-jajce.ba\/#\/schema\/person\/image\/\",\"url\":\"https:\/\/secure.gravatar.com\/avatar\/cabec6f085012315bcbd5f51741e9ba9f360e7567799100769c58a28c83c6574?s=96&d=mm&r=g\",\"contentUrl\":\"https:\/\/secure.gravatar.com\/avatar\/cabec6f085012315bcbd5f51741e9ba9f360e7567799100769c58a28c83c6574?s=96&d=mm&r=g\",\"caption\":\"Admin\"}}]}<\/script>\n<!-- \/ Yoast SEO Premium plugin. -->","yoast_head_json":{"title":"Calendario degli eventi - JU \u201eAgencija za kulturno-povijesnu i prirodnu ba\u0161tinu i razvoj turisti\u010dkih potencijala grada Jajca\u201c","robots":{"index":"index","follow":"follow","max-snippet":"max-snippet:-1","max-image-preview":"max-image-preview:large","max-video-preview":"max-video-preview:-1"},"canonical":"http:\/\/www.agencija-jajce.ba\/it\/calendario-degli-eventi\/","og_locale":"it_IT","og_type":"article","og_title":"Calendario degli eventi","og_description":"Aprile Plivske omahe, il festivale della poesia e musica sacraleOrganizzazione: Dom kulture Jajce (Casa di cultura Jajce), via Hrvoja Vuk\u010di\u0107a Hrvatini\u0107a 10,tel: (0)30 659 541, fax: (0)30 659 696 \u00a0 Maggio Biciklijada, il corso in bicicletta sportivo e ricreativo, direzione Jajce-Jezero-\u0160ipovo lungo il fiume Pliva. Si svolge il 12 maggio.Organizzazione: Planinarsko dru\u0161tvo \u0106usine (Associazione alpina \u0106usine), mob: (0)65 158 528 Giugno Pozori\u0161ne\/kazali\u0161ne igre Bosne i Hercegovine, il festivale del teatro con la tradizione lunga piu di 30 anni. Si svolge nella prima parte di giugno in Casa di cultura Jajce e dura 7 giorni.Organizzazione: Dom kulture Jajce (Casa di cultura Jajce), via Hrvoja Vuk\u010di\u0107a Hrvatini\u0107a 10,tel: (0)30 659&hellip;","og_url":"http:\/\/www.agencija-jajce.ba\/it\/calendario-degli-eventi\/","og_site_name":"JU \u201eAgencija za kulturno-povijesnu i prirodnu ba\u0161tinu i razvoj turisti\u010dkih potencijala grada Jajca\u201c","article_published_time":"2017-03-04T23:55:54+00:00","author":"Admin","twitter_card":"summary_large_image","twitter_misc":{"Scritto da":"Admin","Tempo di lettura stimato":"1 minuto"},"schema":{"@context":"https:\/\/schema.org","@graph":[{"@type":"Article","@id":"http:\/\/www.agencija-jajce.ba\/it\/calendario-degli-eventi\/#article","isPartOf":{"@id":"http:\/\/www.agencija-jajce.ba\/it\/calendario-degli-eventi\/"},"author":{"name":"Admin","@id":"http:\/\/www.agencija-jajce.ba\/#\/schema\/person\/4d86f7882d1ed6bc5a0772d2a4aef29b"},"headline":"Calendario degli eventi","datePublished":"2017-03-04T23:55:54+00:00","mainEntityOfPage":{"@id":"http:\/\/www.agencija-jajce.ba\/it\/calendario-degli-eventi\/"},"wordCount":292,"commentCount":0,"publisher":{"@id":"http:\/\/www.agencija-jajce.ba\/#organization"},"articleSection":["Italian"],"inLanguage":"it-IT"},{"@type":"WebPage","@id":"http:\/\/www.agencija-jajce.ba\/it\/calendario-degli-eventi\/","url":"http:\/\/www.agencija-jajce.ba\/it\/calendario-degli-eventi\/","name":"Calendario degli eventi - JU \u201eAgencija za kulturno-povijesnu i prirodnu ba\u0161tinu i razvoj turisti\u010dkih potencijala grada Jajca\u201c","isPartOf":{"@id":"http:\/\/www.agencija-jajce.ba\/#website"},"datePublished":"2017-03-04T23:55:54+00:00","breadcrumb":{"@id":"http:\/\/www.agencija-jajce.ba\/it\/calendario-degli-eventi\/#breadcrumb"},"inLanguage":"it-IT","potentialAction":[{"@type":"ReadAction","target":["http:\/\/www.agencija-jajce.ba\/it\/calendario-degli-eventi\/"]}]},{"@type":"BreadcrumbList","@id":"http:\/\/www.agencija-jajce.ba\/it\/calendario-degli-eventi\/#breadcrumb","itemListElement":[{"@type":"ListItem","position":1,"name":"Home","item":"http:\/\/www.agencija-jajce.ba\/it\/"},{"@type":"ListItem","position":2,"name":"Calendario degli eventi"}]},{"@type":"WebSite","@id":"http:\/\/www.agencija-jajce.ba\/#website","url":"http:\/\/www.agencija-jajce.ba\/","name":"JU \u201eAgencija za kulturno-povijesnu i prirodnu ba\u0161tinu i razvoj turisti\u010dkih potencijala grada Jajca\u201c","description":"","publisher":{"@id":"http:\/\/www.agencija-jajce.ba\/#organization"},"potentialAction":[{"@type":"SearchAction","target":{"@type":"EntryPoint","urlTemplate":"http:\/\/www.agencija-jajce.ba\/?s={search_term_string}"},"query-input":{"@type":"PropertyValueSpecification","valueRequired":true,"valueName":"search_term_string"}}],"inLanguage":"it-IT"},{"@type":"Organization","@id":"http:\/\/www.agencija-jajce.ba\/#organization","name":"JU \u201eAgencija Jajce\u201c","url":"http:\/\/www.agencija-jajce.ba\/","logo":{"@type":"ImageObject","inLanguage":"it-IT","@id":"http:\/\/www.agencija-jajce.ba\/#\/schema\/logo\/image\/","url":"https:\/\/www.agencija-jajce.ba\/wp-content\/uploads\/2020\/05\/Agencija-logo-color.png","contentUrl":"https:\/\/www.agencija-jajce.ba\/wp-content\/uploads\/2020\/05\/Agencija-logo-color.png","width":1359,"height":1464,"caption":"JU \u201eAgencija Jajce\u201c"},"image":{"@id":"http:\/\/www.agencija-jajce.ba\/#\/schema\/logo\/image\/"}},{"@type":"Person","@id":"http:\/\/www.agencija-jajce.ba\/#\/schema\/person\/4d86f7882d1ed6bc5a0772d2a4aef29b","name":"Admin","image":{"@type":"ImageObject","inLanguage":"it-IT","@id":"http:\/\/www.agencija-jajce.ba\/#\/schema\/person\/image\/","url":"https:\/\/secure.gravatar.com\/avatar\/cabec6f085012315bcbd5f51741e9ba9f360e7567799100769c58a28c83c6574?s=96&d=mm&r=g","contentUrl":"https:\/\/secure.gravatar.com\/avatar\/cabec6f085012315bcbd5f51741e9ba9f360e7567799100769c58a28c83c6574?s=96&d=mm&r=g","caption":"Admin"}}]}},"_links":{"self":[{"href":"https:\/\/www.agencija-jajce.ba\/it\/wp-json\/wp\/v2\/posts\/4219","targetHints":{"allow":["GET"]}}],"collection":[{"href":"https:\/\/www.agencija-jajce.ba\/it\/wp-json\/wp\/v2\/posts"}],"about":[{"href":"https:\/\/www.agencija-jajce.ba\/it\/wp-json\/wp\/v2\/types\/post"}],"author":[{"embeddable":true,"href":"https:\/\/www.agencija-jajce.ba\/it\/wp-json\/wp\/v2\/users\/1"}],"replies":[{"embeddable":true,"href":"https:\/\/www.agencija-jajce.ba\/it\/wp-json\/wp\/v2\/comments?post=4219"}],"version-history":[{"count":0,"href":"https:\/\/www.agencija-jajce.ba\/it\/wp-json\/wp\/v2\/posts\/4219\/revisions"}],"wp:attachment":[{"href":"https:\/\/www.agencija-jajce.ba\/it\/wp-json\/wp\/v2\/media?parent=4219"}],"wp:term":[{"taxonomy":"category","embeddable":true,"href":"https:\/\/www.agencija-jajce.ba\/it\/wp-json\/wp\/v2\/categories?post=4219"},{"taxonomy":"post_tag","embeddable":true,"href":"https:\/\/www.agencija-jajce.ba\/it\/wp-json\/wp\/v2\/tags?post=4219"}],"curies":[{"name":"wp","href":"https:\/\/api.w.org\/{rel}","templated":true}]}}