{"id":3932,"date":"2017-03-05T12:18:11","date_gmt":"2017-03-05T12:18:11","guid":{"rendered":"https:\/\/www.agencija-jajce.ba\/gemeindegalerie\/"},"modified":"2017-03-05T12:18:11","modified_gmt":"2017-03-05T12:18:11","slug":"gemeindegalerie","status":"publish","type":"post","link":"https:\/\/www.agencija-jajce.ba\/de\/gemeindegalerie\/","title":{"rendered":"Gemeindegalerie"},"content":{"rendered":"<p class=\"MsoNormal\" style=\"margin-bottom: .0001pt; text-align: justify;\">Im alten Kr\u0161lak Haus, das sich an die Stadtmauern st<span lang=\"DE\">\u00fctzt, auf dem Weg zur Festung befindet sich die Gemeindegalerie. Die Dauerausstellung der Galerie sind Bilder von K\u00fcnstlern aus Jajce und K\u00fcnstlern dessen Werke w\u00e4hrend ihres Aufenthalts in Jajce entstanden sind. Au\u00dfer alten Bildern z\u00e4hlen die \u00a0Skulpturen vom Bildhauer Du<\/span>\u0161ko Rakita aus Jajce zum <span lang=\"DE\">Teil der Dauerausstellung. Als Teil ihrer\u00a0 Aktivit\u00e4ten organisiert die Gemeindegalerie Mal- und Zeichenkurse sowie Malerkolonien.<\/span><\/p>\n<\/p>\n<p class=\"MsoNormal\" style=\"margin-bottom: .0001pt; text-align: justify;\"><span lang=\"DE\">Kontakt Informationen: <\/span><span lang=\"EN-US\">Gradska galerija <br \/>Str. D\u017eikovac bb (Kr\u0161lakova ku\u0107a)<\/span><\/p>\n<p style=\"text-align: justify;\">\u00a0<\/p>\n<p class=\"MsoNormal\" style=\"margin-bottom: .0001pt;\"><span lang=\"EN-US\">Tel.: (0) 30 659 541 <br \/> Fax: (0) 30 659 696 <br \/> E- Mail: <a href=\"mailto:samir.hazbic@tel.net.ba\">samir.hazbic@tel.net.ba<\/a><span style=\"display: none;\">Diese E-Mail-Adresse ist vor Spambots gesch\u00fctzt! Zur Anzeige muss JavaScript eingeschaltet sein! <\/span><\/span><\/p>\n","protected":false},"excerpt":{"rendered":"<p>Im alten Kr\u0161lak Haus, das sich an die Stadtmauern st\u00fctzt, auf dem Weg zur Festung befindet sich die Gemeindegalerie. Die Dauerausstellung der Galerie sind Bilder von K\u00fcnstlern aus Jajce und K\u00fcnstlern dessen Werke w\u00e4hrend ihres Aufenthalts in Jajce entstanden sind. Au\u00dfer alten Bildern z\u00e4hlen die \u00a0Skulpturen vom Bildhauer Du\u0161ko Rakita aus Jajce zum Teil der Dauerausstellung. Als Teil ihrer\u00a0 Aktivit\u00e4ten organisiert die Gemeindegalerie Mal- und Zeichenkurse sowie Malerkolonien. Kontakt Informationen: Gradska galerija Str. D\u017eikovac bb (Kr\u0161lakova ku\u0107a) \u00a0 Tel.: (0) 30 659 541 Fax: (0) 30 659 696 E- Mail: samir.hazbic@tel.net.baDiese E-Mail-Adresse ist vor Spambots gesch\u00fctzt! Zur Anzeige muss JavaScript eingeschaltet sein!<\/p>\n","protected":false},"author":1,"featured_media":3933,"comment_status":"open","ping_status":"open","sticky":false,"template":"","format":"standard","meta":{"footnotes":""},"categories":[68],"tags":[],"class_list":["post-3932","post","type-post","status-publish","format-standard","has-post-thumbnail","hentry","category-german-de"],"yoast_head":"<!-- This site is optimized with the Yoast SEO Premium plugin v21.2 (Yoast SEO v26.3) - https:\/\/yoast.com\/wordpress\/plugins\/seo\/ -->\n<title>Gemeindegalerie - JU \u201eAgencija za kulturno-povijesnu i prirodnu ba\u0161tinu i razvoj turisti\u010dkih potencijala grada Jajca\u201c<\/title>\n<meta name=\"robots\" content=\"index, follow, max-snippet:-1, max-image-preview:large, max-video-preview:-1\" \/>\n<link rel=\"canonical\" href=\"http:\/\/www.agencija-jajce.ba\/de\/gemeindegalerie\/\" \/>\n<meta property=\"og:locale\" content=\"de_DE\" \/>\n<meta property=\"og:type\" content=\"article\" \/>\n<meta property=\"og:title\" content=\"Gemeindegalerie\" \/>\n<meta property=\"og:description\" content=\"Im alten Kr\u0161lak Haus, das sich an die Stadtmauern st\u00fctzt, auf dem Weg zur Festung befindet sich die Gemeindegalerie. Die Dauerausstellung der Galerie sind Bilder von K\u00fcnstlern aus Jajce und K\u00fcnstlern dessen Werke w\u00e4hrend ihres Aufenthalts in Jajce entstanden sind. Au\u00dfer alten Bildern z\u00e4hlen die \u00a0Skulpturen vom Bildhauer Du\u0161ko Rakita aus Jajce zum Teil der Dauerausstellung. Als Teil ihrer\u00a0 Aktivit\u00e4ten organisiert die Gemeindegalerie Mal- und Zeichenkurse sowie Malerkolonien. Kontakt Informationen: Gradska galerija Str. D\u017eikovac bb (Kr\u0161lakova ku\u0107a) \u00a0 Tel.: (0) 30 659 541 Fax: (0) 30 659 696 E- Mail: samir.hazbic@tel.net.baDiese E-Mail-Adresse ist vor Spambots gesch\u00fctzt! Zur Anzeige muss JavaScript eingeschaltet sein!\" \/>\n<meta property=\"og:url\" content=\"http:\/\/www.agencija-jajce.ba\/de\/gemeindegalerie\/\" \/>\n<meta property=\"og:site_name\" content=\"JU \u201eAgencija za kulturno-povijesnu i prirodnu ba\u0161tinu i razvoj turisti\u010dkih potencijala grada Jajca\u201c\" \/>\n<meta property=\"article:published_time\" content=\"2017-03-05T12:18:11+00:00\" \/>\n<meta property=\"og:image\" content=\"http:\/\/www.agencija-jajce.ba\/wp-content\/uploads\/2017\/03\/galerija.jpg\" \/>\n\t<meta property=\"og:image:width\" content=\"500\" \/>\n\t<meta property=\"og:image:height\" content=\"333\" \/>\n\t<meta property=\"og:image:type\" content=\"image\/jpeg\" \/>\n<meta name=\"author\" content=\"Admin\" \/>\n<meta name=\"twitter:card\" content=\"summary_large_image\" \/>\n<meta name=\"twitter:label1\" content=\"Verfasst von\" \/>\n\t<meta name=\"twitter:data1\" content=\"Admin\" \/>\n\t<meta name=\"twitter:label2\" content=\"Gesch\u00e4tzte Lesezeit\" \/>\n\t<meta name=\"twitter:data2\" content=\"1\u00a0Minute\" \/>\n<script type=\"application\/ld+json\" class=\"yoast-schema-graph\">{\"@context\":\"https:\/\/schema.org\",\"@graph\":[{\"@type\":\"Article\",\"@id\":\"http:\/\/www.agencija-jajce.ba\/de\/gemeindegalerie\/#article\",\"isPartOf\":{\"@id\":\"http:\/\/www.agencija-jajce.ba\/de\/gemeindegalerie\/\"},\"author\":{\"name\":\"Admin\",\"@id\":\"http:\/\/www.agencija-jajce.ba\/#\/schema\/person\/4d86f7882d1ed6bc5a0772d2a4aef29b\"},\"headline\":\"Gemeindegalerie\",\"datePublished\":\"2017-03-05T12:18:11+00:00\",\"mainEntityOfPage\":{\"@id\":\"http:\/\/www.agencija-jajce.ba\/de\/gemeindegalerie\/\"},\"wordCount\":112,\"commentCount\":0,\"publisher\":{\"@id\":\"http:\/\/www.agencija-jajce.ba\/#organization\"},\"image\":{\"@id\":\"http:\/\/www.agencija-jajce.ba\/de\/gemeindegalerie\/#primaryimage\"},\"thumbnailUrl\":\"https:\/\/www.agencija-jajce.ba\/wp-content\/uploads\/2017\/03\/galerija.jpg\",\"articleSection\":[\"German\"],\"inLanguage\":\"de\"},{\"@type\":\"WebPage\",\"@id\":\"http:\/\/www.agencija-jajce.ba\/de\/gemeindegalerie\/\",\"url\":\"http:\/\/www.agencija-jajce.ba\/de\/gemeindegalerie\/\",\"name\":\"Gemeindegalerie - JU \u201eAgencija za kulturno-povijesnu i prirodnu ba\u0161tinu i razvoj turisti\u010dkih potencijala grada Jajca\u201c\",\"isPartOf\":{\"@id\":\"http:\/\/www.agencija-jajce.ba\/#website\"},\"primaryImageOfPage\":{\"@id\":\"http:\/\/www.agencija-jajce.ba\/de\/gemeindegalerie\/#primaryimage\"},\"image\":{\"@id\":\"http:\/\/www.agencija-jajce.ba\/de\/gemeindegalerie\/#primaryimage\"},\"thumbnailUrl\":\"https:\/\/www.agencija-jajce.ba\/wp-content\/uploads\/2017\/03\/galerija.jpg\",\"datePublished\":\"2017-03-05T12:18:11+00:00\",\"breadcrumb\":{\"@id\":\"http:\/\/www.agencija-jajce.ba\/de\/gemeindegalerie\/#breadcrumb\"},\"inLanguage\":\"de\",\"potentialAction\":[{\"@type\":\"ReadAction\",\"target\":[\"http:\/\/www.agencija-jajce.ba\/de\/gemeindegalerie\/\"]}]},{\"@type\":\"ImageObject\",\"inLanguage\":\"de\",\"@id\":\"http:\/\/www.agencija-jajce.ba\/de\/gemeindegalerie\/#primaryimage\",\"url\":\"https:\/\/www.agencija-jajce.ba\/wp-content\/uploads\/2017\/03\/galerija.jpg\",\"contentUrl\":\"https:\/\/www.agencija-jajce.ba\/wp-content\/uploads\/2017\/03\/galerija.jpg\",\"width\":500,\"height\":333},{\"@type\":\"BreadcrumbList\",\"@id\":\"http:\/\/www.agencija-jajce.ba\/de\/gemeindegalerie\/#breadcrumb\",\"itemListElement\":[{\"@type\":\"ListItem\",\"position\":1,\"name\":\"Home\",\"item\":\"https:\/\/www.agencija-jajce.ba\/de\/\"},{\"@type\":\"ListItem\",\"position\":2,\"name\":\"Gemeindegalerie\"}]},{\"@type\":\"WebSite\",\"@id\":\"http:\/\/www.agencija-jajce.ba\/#website\",\"url\":\"http:\/\/www.agencija-jajce.ba\/\",\"name\":\"JU \u201eAgencija za kulturno-povijesnu i prirodnu ba\u0161tinu i razvoj turisti\u010dkih potencijala grada Jajca\u201c\",\"description\":\"\",\"publisher\":{\"@id\":\"http:\/\/www.agencija-jajce.ba\/#organization\"},\"potentialAction\":[{\"@type\":\"SearchAction\",\"target\":{\"@type\":\"EntryPoint\",\"urlTemplate\":\"http:\/\/www.agencija-jajce.ba\/?s={search_term_string}\"},\"query-input\":{\"@type\":\"PropertyValueSpecification\",\"valueRequired\":true,\"valueName\":\"search_term_string\"}}],\"inLanguage\":\"de\"},{\"@type\":\"Organization\",\"@id\":\"http:\/\/www.agencija-jajce.ba\/#organization\",\"name\":\"JU \u201eAgencija Jajce\u201c\",\"url\":\"http:\/\/www.agencija-jajce.ba\/\",\"logo\":{\"@type\":\"ImageObject\",\"inLanguage\":\"de\",\"@id\":\"http:\/\/www.agencija-jajce.ba\/#\/schema\/logo\/image\/\",\"url\":\"https:\/\/www.agencija-jajce.ba\/wp-content\/uploads\/2020\/05\/Agencija-logo-color.png\",\"contentUrl\":\"https:\/\/www.agencija-jajce.ba\/wp-content\/uploads\/2020\/05\/Agencija-logo-color.png\",\"width\":1359,\"height\":1464,\"caption\":\"JU \u201eAgencija Jajce\u201c\"},\"image\":{\"@id\":\"http:\/\/www.agencija-jajce.ba\/#\/schema\/logo\/image\/\"}},{\"@type\":\"Person\",\"@id\":\"http:\/\/www.agencija-jajce.ba\/#\/schema\/person\/4d86f7882d1ed6bc5a0772d2a4aef29b\",\"name\":\"Admin\",\"image\":{\"@type\":\"ImageObject\",\"inLanguage\":\"de\",\"@id\":\"http:\/\/www.agencija-jajce.ba\/#\/schema\/person\/image\/\",\"url\":\"https:\/\/secure.gravatar.com\/avatar\/cabec6f085012315bcbd5f51741e9ba9f360e7567799100769c58a28c83c6574?s=96&d=mm&r=g\",\"contentUrl\":\"https:\/\/secure.gravatar.com\/avatar\/cabec6f085012315bcbd5f51741e9ba9f360e7567799100769c58a28c83c6574?s=96&d=mm&r=g\",\"caption\":\"Admin\"}}]}<\/script>\n<!-- \/ Yoast SEO Premium plugin. -->","yoast_head_json":{"title":"Gemeindegalerie - JU \u201eAgencija za kulturno-povijesnu i prirodnu ba\u0161tinu i razvoj turisti\u010dkih potencijala grada Jajca\u201c","robots":{"index":"index","follow":"follow","max-snippet":"max-snippet:-1","max-image-preview":"max-image-preview:large","max-video-preview":"max-video-preview:-1"},"canonical":"http:\/\/www.agencija-jajce.ba\/de\/gemeindegalerie\/","og_locale":"de_DE","og_type":"article","og_title":"Gemeindegalerie","og_description":"Im alten Kr\u0161lak Haus, das sich an die Stadtmauern st\u00fctzt, auf dem Weg zur Festung befindet sich die Gemeindegalerie. Die Dauerausstellung der Galerie sind Bilder von K\u00fcnstlern aus Jajce und K\u00fcnstlern dessen Werke w\u00e4hrend ihres Aufenthalts in Jajce entstanden sind. Au\u00dfer alten Bildern z\u00e4hlen die \u00a0Skulpturen vom Bildhauer Du\u0161ko Rakita aus Jajce zum Teil der Dauerausstellung. Als Teil ihrer\u00a0 Aktivit\u00e4ten organisiert die Gemeindegalerie Mal- und Zeichenkurse sowie Malerkolonien. Kontakt Informationen: Gradska galerija Str. D\u017eikovac bb (Kr\u0161lakova ku\u0107a) \u00a0 Tel.: (0) 30 659 541 Fax: (0) 30 659 696 E- Mail: samir.hazbic@tel.net.baDiese E-Mail-Adresse ist vor Spambots gesch\u00fctzt! Zur Anzeige muss JavaScript eingeschaltet sein!","og_url":"http:\/\/www.agencija-jajce.ba\/de\/gemeindegalerie\/","og_site_name":"JU \u201eAgencija za kulturno-povijesnu i prirodnu ba\u0161tinu i razvoj turisti\u010dkih potencijala grada Jajca\u201c","article_published_time":"2017-03-05T12:18:11+00:00","og_image":[{"width":500,"height":333,"url":"http:\/\/www.agencija-jajce.ba\/wp-content\/uploads\/2017\/03\/galerija.jpg","type":"image\/jpeg"}],"author":"Admin","twitter_card":"summary_large_image","twitter_misc":{"Verfasst von":"Admin","Gesch\u00e4tzte Lesezeit":"1\u00a0Minute"},"schema":{"@context":"https:\/\/schema.org","@graph":[{"@type":"Article","@id":"http:\/\/www.agencija-jajce.ba\/de\/gemeindegalerie\/#article","isPartOf":{"@id":"http:\/\/www.agencija-jajce.ba\/de\/gemeindegalerie\/"},"author":{"name":"Admin","@id":"http:\/\/www.agencija-jajce.ba\/#\/schema\/person\/4d86f7882d1ed6bc5a0772d2a4aef29b"},"headline":"Gemeindegalerie","datePublished":"2017-03-05T12:18:11+00:00","mainEntityOfPage":{"@id":"http:\/\/www.agencija-jajce.ba\/de\/gemeindegalerie\/"},"wordCount":112,"commentCount":0,"publisher":{"@id":"http:\/\/www.agencija-jajce.ba\/#organization"},"image":{"@id":"http:\/\/www.agencija-jajce.ba\/de\/gemeindegalerie\/#primaryimage"},"thumbnailUrl":"https:\/\/www.agencija-jajce.ba\/wp-content\/uploads\/2017\/03\/galerija.jpg","articleSection":["German"],"inLanguage":"de"},{"@type":"WebPage","@id":"http:\/\/www.agencija-jajce.ba\/de\/gemeindegalerie\/","url":"http:\/\/www.agencija-jajce.ba\/de\/gemeindegalerie\/","name":"Gemeindegalerie - JU \u201eAgencija za kulturno-povijesnu i prirodnu ba\u0161tinu i razvoj turisti\u010dkih potencijala grada Jajca\u201c","isPartOf":{"@id":"http:\/\/www.agencija-jajce.ba\/#website"},"primaryImageOfPage":{"@id":"http:\/\/www.agencija-jajce.ba\/de\/gemeindegalerie\/#primaryimage"},"image":{"@id":"http:\/\/www.agencija-jajce.ba\/de\/gemeindegalerie\/#primaryimage"},"thumbnailUrl":"https:\/\/www.agencija-jajce.ba\/wp-content\/uploads\/2017\/03\/galerija.jpg","datePublished":"2017-03-05T12:18:11+00:00","breadcrumb":{"@id":"http:\/\/www.agencija-jajce.ba\/de\/gemeindegalerie\/#breadcrumb"},"inLanguage":"de","potentialAction":[{"@type":"ReadAction","target":["http:\/\/www.agencija-jajce.ba\/de\/gemeindegalerie\/"]}]},{"@type":"ImageObject","inLanguage":"de","@id":"http:\/\/www.agencija-jajce.ba\/de\/gemeindegalerie\/#primaryimage","url":"https:\/\/www.agencija-jajce.ba\/wp-content\/uploads\/2017\/03\/galerija.jpg","contentUrl":"https:\/\/www.agencija-jajce.ba\/wp-content\/uploads\/2017\/03\/galerija.jpg","width":500,"height":333},{"@type":"BreadcrumbList","@id":"http:\/\/www.agencija-jajce.ba\/de\/gemeindegalerie\/#breadcrumb","itemListElement":[{"@type":"ListItem","position":1,"name":"Home","item":"https:\/\/www.agencija-jajce.ba\/de\/"},{"@type":"ListItem","position":2,"name":"Gemeindegalerie"}]},{"@type":"WebSite","@id":"http:\/\/www.agencija-jajce.ba\/#website","url":"http:\/\/www.agencija-jajce.ba\/","name":"JU \u201eAgencija za kulturno-povijesnu i prirodnu ba\u0161tinu i razvoj turisti\u010dkih potencijala grada Jajca\u201c","description":"","publisher":{"@id":"http:\/\/www.agencija-jajce.ba\/#organization"},"potentialAction":[{"@type":"SearchAction","target":{"@type":"EntryPoint","urlTemplate":"http:\/\/www.agencija-jajce.ba\/?s={search_term_string}"},"query-input":{"@type":"PropertyValueSpecification","valueRequired":true,"valueName":"search_term_string"}}],"inLanguage":"de"},{"@type":"Organization","@id":"http:\/\/www.agencija-jajce.ba\/#organization","name":"JU \u201eAgencija Jajce\u201c","url":"http:\/\/www.agencija-jajce.ba\/","logo":{"@type":"ImageObject","inLanguage":"de","@id":"http:\/\/www.agencija-jajce.ba\/#\/schema\/logo\/image\/","url":"https:\/\/www.agencija-jajce.ba\/wp-content\/uploads\/2020\/05\/Agencija-logo-color.png","contentUrl":"https:\/\/www.agencija-jajce.ba\/wp-content\/uploads\/2020\/05\/Agencija-logo-color.png","width":1359,"height":1464,"caption":"JU \u201eAgencija Jajce\u201c"},"image":{"@id":"http:\/\/www.agencija-jajce.ba\/#\/schema\/logo\/image\/"}},{"@type":"Person","@id":"http:\/\/www.agencija-jajce.ba\/#\/schema\/person\/4d86f7882d1ed6bc5a0772d2a4aef29b","name":"Admin","image":{"@type":"ImageObject","inLanguage":"de","@id":"http:\/\/www.agencija-jajce.ba\/#\/schema\/person\/image\/","url":"https:\/\/secure.gravatar.com\/avatar\/cabec6f085012315bcbd5f51741e9ba9f360e7567799100769c58a28c83c6574?s=96&d=mm&r=g","contentUrl":"https:\/\/secure.gravatar.com\/avatar\/cabec6f085012315bcbd5f51741e9ba9f360e7567799100769c58a28c83c6574?s=96&d=mm&r=g","caption":"Admin"}}]}},"_links":{"self":[{"href":"https:\/\/www.agencija-jajce.ba\/de\/wp-json\/wp\/v2\/posts\/3932","targetHints":{"allow":["GET"]}}],"collection":[{"href":"https:\/\/www.agencija-jajce.ba\/de\/wp-json\/wp\/v2\/posts"}],"about":[{"href":"https:\/\/www.agencija-jajce.ba\/de\/wp-json\/wp\/v2\/types\/post"}],"author":[{"embeddable":true,"href":"https:\/\/www.agencija-jajce.ba\/de\/wp-json\/wp\/v2\/users\/1"}],"replies":[{"embeddable":true,"href":"https:\/\/www.agencija-jajce.ba\/de\/wp-json\/wp\/v2\/comments?post=3932"}],"version-history":[{"count":0,"href":"https:\/\/www.agencija-jajce.ba\/de\/wp-json\/wp\/v2\/posts\/3932\/revisions"}],"wp:featuredmedia":[{"embeddable":true,"href":"https:\/\/www.agencija-jajce.ba\/de\/wp-json\/wp\/v2\/media\/3933"}],"wp:attachment":[{"href":"https:\/\/www.agencija-jajce.ba\/de\/wp-json\/wp\/v2\/media?parent=3932"}],"wp:term":[{"taxonomy":"category","embeddable":true,"href":"https:\/\/www.agencija-jajce.ba\/de\/wp-json\/wp\/v2\/categories?post=3932"},{"taxonomy":"post_tag","embeddable":true,"href":"https:\/\/www.agencija-jajce.ba\/de\/wp-json\/wp\/v2\/tags?post=3932"}],"curies":[{"name":"wp","href":"https:\/\/api.w.org\/{rel}","templated":true}]}}