{"id":3945,"date":"2017-03-05T12:02:51","date_gmt":"2017-03-05T12:02:51","guid":{"rendered":"https:\/\/www.agencija-jajce.ba\/die-festung\/"},"modified":"2025-01-24T09:28:06","modified_gmt":"2025-01-24T08:28:06","slug":"die-festung","status":"publish","type":"post","link":"http:\/\/www.agencija-jajce.ba\/de\/die-festung\/","title":{"rendered":"Die Festung"},"content":{"rendered":"<p class=\"MsoNormal\" style=\"text-align: justify;\">Wenn man die Fetsung in Jajce besucht, erblickt man die Stadt aus einer ganz anderen Perspekive. Die Festung befindet sich 470 m N.N \u00fcber der Stadt. Von den Festungsmauern hat man einen Blick auf Jajce und die Altstadt die das Ambient alter bosnischer H\u00e4user ausstrahlt. Es wird vermutet, dass die Festung noch im 13. Jahrhundert bestand und dass sie \u00fcber Jahrhunderte gebaut und umgebaut wurde.<\/p>\n<\/p>\n<p class=\"MsoNormal\" style=\"text-align: justify;\">Neben dem Eingang zur Festung befindet sich ein Portal mit dem k\u00f6niglichen Wappen der Familie Kotromani\u0107 aus dem 15. Jahrhundert. Es ist in Bosnien und Herzegowina das einzige erhaltene k<span lang=\"DE\">\u00f6nigliche Portal. Im inneren der Festung befindet sich eine Pulverkammer die Ende 18. Anfang des 19. Jahrhunderts erbaut wurde und ein Wassertank aus der Zeit der \u00f6sterreichisch \u2013 ungarischen Monarchie. Die Festungsmauern erstrecken sich an der Ostmauer mit dem B\u00e4renturm und dem Travniktor und an der Westmauer mit dem Gro\u00dfen Turm (Velika Tabija), Turm am <\/span>D\u017eikovac, Papaz Turm, dem Banja Luka Tor und dem \u0160ami\u0107a Turm<span lang=\"DE\"> in Richtung des Pliva und Vrbas Flusses.<\/span><\/p>\n<p class=\"MsoNormal\" style=\"text-align: justify;\"><span lang=\"DE\">Auf dem Weg zur Festung befindet sich der Uhrturm (Sahat kula) der im Mittelalter der urspr\u00fcngliche Eingang in die Stadt war. Es wird vermutet, dass die Uhr schon in der osmanischen Zeit auf dem Turm stand und dass sie auch aus dieser Zeit abstammt.<\/span><\/p>\n<p style=\"text-align: justify;\">\u00a0<\/p>\n<p class=\"MsoNormal\" style=\"text-align: justify;\">Die Festung ist f\u00fcr Besucher jeden Tag das ganze Jahr \u00fcber offen. Watch <a href=\"https:\/\/www.watchmygf.xxx\">free porn videos<\/a> online. \u00d6ffnungszeiten im Sommer sind von 9.00 bis 19.00 Uhr und w\u00e4hred des Winters ist das Denkmal in der Zeit von 9.00 bis 16.00 Uhr ge\u00f6ffnet.<\/p>\n<p style=\"text-align: justify;\">Summertime opening hours are from 9:00 a.m. to 7:00 p.m., while during the winter time, the monument is open from 9:00 a.m. to 4:00 p.m.<\/p>\n","protected":false},"excerpt":{"rendered":"<p>Wenn man die Fetsung in Jajce besucht, erblickt man die Stadt aus einer ganz anderen Perspekive. Die Festung befindet sich 470 m N.N \u00fcber der Stadt. Von den Festungsmauern hat man einen Blick auf Jajce und die Altstadt die das Ambient alter bosnischer H\u00e4user ausstrahlt. Es wird vermutet, dass die Festung noch im 13. Jahrhundert bestand und dass sie \u00fcber Jahrhunderte gebaut und umgebaut wurde. Neben dem Eingang zur Festung befindet sich ein Portal mit dem k\u00f6niglichen Wappen der Familie Kotromani\u0107 aus dem 15. Jahrhundert. Es ist in Bosnien und Herzegowina das einzige erhaltene k\u00f6nigliche Portal. Im inneren der Festung befindet sich eine Pulverkammer die Ende 18. Anfang&hellip;<\/p>\n","protected":false},"author":1,"featured_media":3946,"comment_status":"closed","ping_status":"closed","sticky":false,"template":"","format":"standard","meta":{"footnotes":""},"categories":[68],"tags":[],"class_list":["post-3945","post","type-post","status-publish","format-standard","has-post-thumbnail","hentry","category-german-de"],"yoast_head":"<!-- This site is optimized with the Yoast SEO Premium plugin v21.2 (Yoast SEO v26.3) - https:\/\/yoast.com\/wordpress\/plugins\/seo\/ -->\n<title>Die Festung - JU \u201eAgencija za kulturno-povijesnu i prirodnu ba\u0161tinu i razvoj turisti\u010dkih potencijala grada Jajca\u201c<\/title>\n<meta name=\"robots\" content=\"index, follow, max-snippet:-1, max-image-preview:large, max-video-preview:-1\" \/>\n<link rel=\"canonical\" href=\"http:\/\/www.agencija-jajce.ba\/de\/die-festung\/\" \/>\n<meta property=\"og:locale\" content=\"de_DE\" \/>\n<meta property=\"og:type\" content=\"article\" \/>\n<meta property=\"og:title\" content=\"Die Festung\" \/>\n<meta property=\"og:description\" content=\"Wenn man die Fetsung in Jajce besucht, erblickt man die Stadt aus einer ganz anderen Perspekive. Die Festung befindet sich 470 m N.N \u00fcber der Stadt. Von den Festungsmauern hat man einen Blick auf Jajce und die Altstadt die das Ambient alter bosnischer H\u00e4user ausstrahlt. Es wird vermutet, dass die Festung noch im 13. Jahrhundert bestand und dass sie \u00fcber Jahrhunderte gebaut und umgebaut wurde. Neben dem Eingang zur Festung befindet sich ein Portal mit dem k\u00f6niglichen Wappen der Familie Kotromani\u0107 aus dem 15. Jahrhundert. Es ist in Bosnien und Herzegowina das einzige erhaltene k\u00f6nigliche Portal. Im inneren der Festung befindet sich eine Pulverkammer die Ende 18. Anfang&hellip;\" \/>\n<meta property=\"og:url\" content=\"http:\/\/www.agencija-jajce.ba\/de\/die-festung\/\" \/>\n<meta property=\"og:site_name\" content=\"JU \u201eAgencija za kulturno-povijesnu i prirodnu ba\u0161tinu i razvoj turisti\u010dkih potencijala grada Jajca\u201c\" \/>\n<meta property=\"article:published_time\" content=\"2017-03-05T12:02:51+00:00\" \/>\n<meta property=\"article:modified_time\" content=\"2025-01-24T08:28:06+00:00\" \/>\n<meta property=\"og:image\" content=\"http:\/\/www.agencija-jajce.ba\/wp-content\/uploads\/2017\/03\/tvrdjava.jpg\" \/>\n\t<meta property=\"og:image:width\" content=\"500\" \/>\n\t<meta property=\"og:image:height\" content=\"333\" \/>\n\t<meta property=\"og:image:type\" content=\"image\/jpeg\" \/>\n<meta name=\"author\" content=\"Admin\" \/>\n<meta name=\"twitter:card\" content=\"summary_large_image\" \/>\n<meta name=\"twitter:label1\" content=\"Verfasst von\" \/>\n\t<meta name=\"twitter:data1\" content=\"Admin\" \/>\n\t<meta name=\"twitter:label2\" content=\"Gesch\u00e4tzte Lesezeit\" \/>\n\t<meta name=\"twitter:data2\" content=\"1\u00a0Minute\" \/>\n<script type=\"application\/ld+json\" class=\"yoast-schema-graph\">{\"@context\":\"https:\/\/schema.org\",\"@graph\":[{\"@type\":\"Article\",\"@id\":\"http:\/\/www.agencija-jajce.ba\/de\/die-festung\/#article\",\"isPartOf\":{\"@id\":\"http:\/\/www.agencija-jajce.ba\/de\/die-festung\/\"},\"author\":{\"name\":\"Admin\",\"@id\":\"http:\/\/www.agencija-jajce.ba\/#\/schema\/person\/4d86f7882d1ed6bc5a0772d2a4aef29b\"},\"headline\":\"Die Festung\",\"datePublished\":\"2017-03-05T12:02:51+00:00\",\"dateModified\":\"2025-01-24T08:28:06+00:00\",\"mainEntityOfPage\":{\"@id\":\"http:\/\/www.agencija-jajce.ba\/de\/die-festung\/\"},\"wordCount\":282,\"publisher\":{\"@id\":\"http:\/\/www.agencija-jajce.ba\/#organization\"},\"image\":{\"@id\":\"http:\/\/www.agencija-jajce.ba\/de\/die-festung\/#primaryimage\"},\"thumbnailUrl\":\"http:\/\/www.agencija-jajce.ba\/wp-content\/uploads\/2017\/03\/tvrdjava.jpg\",\"articleSection\":[\"German\"],\"inLanguage\":\"de\"},{\"@type\":\"WebPage\",\"@id\":\"http:\/\/www.agencija-jajce.ba\/de\/die-festung\/\",\"url\":\"http:\/\/www.agencija-jajce.ba\/de\/die-festung\/\",\"name\":\"Die Festung - JU \u201eAgencija za kulturno-povijesnu i prirodnu ba\u0161tinu i razvoj turisti\u010dkih potencijala grada Jajca\u201c\",\"isPartOf\":{\"@id\":\"http:\/\/www.agencija-jajce.ba\/#website\"},\"primaryImageOfPage\":{\"@id\":\"http:\/\/www.agencija-jajce.ba\/de\/die-festung\/#primaryimage\"},\"image\":{\"@id\":\"http:\/\/www.agencija-jajce.ba\/de\/die-festung\/#primaryimage\"},\"thumbnailUrl\":\"http:\/\/www.agencija-jajce.ba\/wp-content\/uploads\/2017\/03\/tvrdjava.jpg\",\"datePublished\":\"2017-03-05T12:02:51+00:00\",\"dateModified\":\"2025-01-24T08:28:06+00:00\",\"breadcrumb\":{\"@id\":\"http:\/\/www.agencija-jajce.ba\/de\/die-festung\/#breadcrumb\"},\"inLanguage\":\"de\",\"potentialAction\":[{\"@type\":\"ReadAction\",\"target\":[\"http:\/\/www.agencija-jajce.ba\/de\/die-festung\/\"]}]},{\"@type\":\"ImageObject\",\"inLanguage\":\"de\",\"@id\":\"http:\/\/www.agencija-jajce.ba\/de\/die-festung\/#primaryimage\",\"url\":\"http:\/\/www.agencija-jajce.ba\/wp-content\/uploads\/2017\/03\/tvrdjava.jpg\",\"contentUrl\":\"http:\/\/www.agencija-jajce.ba\/wp-content\/uploads\/2017\/03\/tvrdjava.jpg\",\"width\":500,\"height\":333},{\"@type\":\"BreadcrumbList\",\"@id\":\"http:\/\/www.agencija-jajce.ba\/de\/die-festung\/#breadcrumb\",\"itemListElement\":[{\"@type\":\"ListItem\",\"position\":1,\"name\":\"Home\",\"item\":\"https:\/\/www.agencija-jajce.ba\/de\/\"},{\"@type\":\"ListItem\",\"position\":2,\"name\":\"Die Festung\"}]},{\"@type\":\"WebSite\",\"@id\":\"http:\/\/www.agencija-jajce.ba\/#website\",\"url\":\"http:\/\/www.agencija-jajce.ba\/\",\"name\":\"JU \u201eAgencija za kulturno-povijesnu i prirodnu ba\u0161tinu i razvoj turisti\u010dkih potencijala grada Jajca\u201c\",\"description\":\"\",\"publisher\":{\"@id\":\"http:\/\/www.agencija-jajce.ba\/#organization\"},\"potentialAction\":[{\"@type\":\"SearchAction\",\"target\":{\"@type\":\"EntryPoint\",\"urlTemplate\":\"http:\/\/www.agencija-jajce.ba\/?s={search_term_string}\"},\"query-input\":{\"@type\":\"PropertyValueSpecification\",\"valueRequired\":true,\"valueName\":\"search_term_string\"}}],\"inLanguage\":\"de\"},{\"@type\":\"Organization\",\"@id\":\"http:\/\/www.agencija-jajce.ba\/#organization\",\"name\":\"JU \u201eAgencija Jajce\u201c\",\"url\":\"http:\/\/www.agencija-jajce.ba\/\",\"logo\":{\"@type\":\"ImageObject\",\"inLanguage\":\"de\",\"@id\":\"http:\/\/www.agencija-jajce.ba\/#\/schema\/logo\/image\/\",\"url\":\"https:\/\/www.agencija-jajce.ba\/wp-content\/uploads\/2020\/05\/Agencija-logo-color.png\",\"contentUrl\":\"https:\/\/www.agencija-jajce.ba\/wp-content\/uploads\/2020\/05\/Agencija-logo-color.png\",\"width\":1359,\"height\":1464,\"caption\":\"JU \u201eAgencija Jajce\u201c\"},\"image\":{\"@id\":\"http:\/\/www.agencija-jajce.ba\/#\/schema\/logo\/image\/\"}},{\"@type\":\"Person\",\"@id\":\"http:\/\/www.agencija-jajce.ba\/#\/schema\/person\/4d86f7882d1ed6bc5a0772d2a4aef29b\",\"name\":\"Admin\",\"image\":{\"@type\":\"ImageObject\",\"inLanguage\":\"de\",\"@id\":\"http:\/\/www.agencija-jajce.ba\/#\/schema\/person\/image\/\",\"url\":\"https:\/\/secure.gravatar.com\/avatar\/cabec6f085012315bcbd5f51741e9ba9f360e7567799100769c58a28c83c6574?s=96&d=mm&r=g\",\"contentUrl\":\"https:\/\/secure.gravatar.com\/avatar\/cabec6f085012315bcbd5f51741e9ba9f360e7567799100769c58a28c83c6574?s=96&d=mm&r=g\",\"caption\":\"Admin\"}}]}<\/script>\n<!-- \/ Yoast SEO Premium plugin. -->","yoast_head_json":{"title":"Die Festung - JU \u201eAgencija za kulturno-povijesnu i prirodnu ba\u0161tinu i razvoj turisti\u010dkih potencijala grada Jajca\u201c","robots":{"index":"index","follow":"follow","max-snippet":"max-snippet:-1","max-image-preview":"max-image-preview:large","max-video-preview":"max-video-preview:-1"},"canonical":"http:\/\/www.agencija-jajce.ba\/de\/die-festung\/","og_locale":"de_DE","og_type":"article","og_title":"Die Festung","og_description":"Wenn man die Fetsung in Jajce besucht, erblickt man die Stadt aus einer ganz anderen Perspekive. Die Festung befindet sich 470 m N.N \u00fcber der Stadt. Von den Festungsmauern hat man einen Blick auf Jajce und die Altstadt die das Ambient alter bosnischer H\u00e4user ausstrahlt. Es wird vermutet, dass die Festung noch im 13. Jahrhundert bestand und dass sie \u00fcber Jahrhunderte gebaut und umgebaut wurde. Neben dem Eingang zur Festung befindet sich ein Portal mit dem k\u00f6niglichen Wappen der Familie Kotromani\u0107 aus dem 15. Jahrhundert. Es ist in Bosnien und Herzegowina das einzige erhaltene k\u00f6nigliche Portal. Im inneren der Festung befindet sich eine Pulverkammer die Ende 18. Anfang&hellip;","og_url":"http:\/\/www.agencija-jajce.ba\/de\/die-festung\/","og_site_name":"JU \u201eAgencija za kulturno-povijesnu i prirodnu ba\u0161tinu i razvoj turisti\u010dkih potencijala grada Jajca\u201c","article_published_time":"2017-03-05T12:02:51+00:00","article_modified_time":"2025-01-24T08:28:06+00:00","og_image":[{"width":500,"height":333,"url":"http:\/\/www.agencija-jajce.ba\/wp-content\/uploads\/2017\/03\/tvrdjava.jpg","type":"image\/jpeg"}],"author":"Admin","twitter_card":"summary_large_image","twitter_misc":{"Verfasst von":"Admin","Gesch\u00e4tzte Lesezeit":"1\u00a0Minute"},"schema":{"@context":"https:\/\/schema.org","@graph":[{"@type":"Article","@id":"http:\/\/www.agencija-jajce.ba\/de\/die-festung\/#article","isPartOf":{"@id":"http:\/\/www.agencija-jajce.ba\/de\/die-festung\/"},"author":{"name":"Admin","@id":"http:\/\/www.agencija-jajce.ba\/#\/schema\/person\/4d86f7882d1ed6bc5a0772d2a4aef29b"},"headline":"Die Festung","datePublished":"2017-03-05T12:02:51+00:00","dateModified":"2025-01-24T08:28:06+00:00","mainEntityOfPage":{"@id":"http:\/\/www.agencija-jajce.ba\/de\/die-festung\/"},"wordCount":282,"publisher":{"@id":"http:\/\/www.agencija-jajce.ba\/#organization"},"image":{"@id":"http:\/\/www.agencija-jajce.ba\/de\/die-festung\/#primaryimage"},"thumbnailUrl":"http:\/\/www.agencija-jajce.ba\/wp-content\/uploads\/2017\/03\/tvrdjava.jpg","articleSection":["German"],"inLanguage":"de"},{"@type":"WebPage","@id":"http:\/\/www.agencija-jajce.ba\/de\/die-festung\/","url":"http:\/\/www.agencija-jajce.ba\/de\/die-festung\/","name":"Die Festung - JU \u201eAgencija za kulturno-povijesnu i prirodnu ba\u0161tinu i razvoj turisti\u010dkih potencijala grada Jajca\u201c","isPartOf":{"@id":"http:\/\/www.agencija-jajce.ba\/#website"},"primaryImageOfPage":{"@id":"http:\/\/www.agencija-jajce.ba\/de\/die-festung\/#primaryimage"},"image":{"@id":"http:\/\/www.agencija-jajce.ba\/de\/die-festung\/#primaryimage"},"thumbnailUrl":"http:\/\/www.agencija-jajce.ba\/wp-content\/uploads\/2017\/03\/tvrdjava.jpg","datePublished":"2017-03-05T12:02:51+00:00","dateModified":"2025-01-24T08:28:06+00:00","breadcrumb":{"@id":"http:\/\/www.agencija-jajce.ba\/de\/die-festung\/#breadcrumb"},"inLanguage":"de","potentialAction":[{"@type":"ReadAction","target":["http:\/\/www.agencija-jajce.ba\/de\/die-festung\/"]}]},{"@type":"ImageObject","inLanguage":"de","@id":"http:\/\/www.agencija-jajce.ba\/de\/die-festung\/#primaryimage","url":"http:\/\/www.agencija-jajce.ba\/wp-content\/uploads\/2017\/03\/tvrdjava.jpg","contentUrl":"http:\/\/www.agencija-jajce.ba\/wp-content\/uploads\/2017\/03\/tvrdjava.jpg","width":500,"height":333},{"@type":"BreadcrumbList","@id":"http:\/\/www.agencija-jajce.ba\/de\/die-festung\/#breadcrumb","itemListElement":[{"@type":"ListItem","position":1,"name":"Home","item":"https:\/\/www.agencija-jajce.ba\/de\/"},{"@type":"ListItem","position":2,"name":"Die Festung"}]},{"@type":"WebSite","@id":"http:\/\/www.agencija-jajce.ba\/#website","url":"http:\/\/www.agencija-jajce.ba\/","name":"JU \u201eAgencija za kulturno-povijesnu i prirodnu ba\u0161tinu i razvoj turisti\u010dkih potencijala grada Jajca\u201c","description":"","publisher":{"@id":"http:\/\/www.agencija-jajce.ba\/#organization"},"potentialAction":[{"@type":"SearchAction","target":{"@type":"EntryPoint","urlTemplate":"http:\/\/www.agencija-jajce.ba\/?s={search_term_string}"},"query-input":{"@type":"PropertyValueSpecification","valueRequired":true,"valueName":"search_term_string"}}],"inLanguage":"de"},{"@type":"Organization","@id":"http:\/\/www.agencija-jajce.ba\/#organization","name":"JU \u201eAgencija Jajce\u201c","url":"http:\/\/www.agencija-jajce.ba\/","logo":{"@type":"ImageObject","inLanguage":"de","@id":"http:\/\/www.agencija-jajce.ba\/#\/schema\/logo\/image\/","url":"https:\/\/www.agencija-jajce.ba\/wp-content\/uploads\/2020\/05\/Agencija-logo-color.png","contentUrl":"https:\/\/www.agencija-jajce.ba\/wp-content\/uploads\/2020\/05\/Agencija-logo-color.png","width":1359,"height":1464,"caption":"JU \u201eAgencija Jajce\u201c"},"image":{"@id":"http:\/\/www.agencija-jajce.ba\/#\/schema\/logo\/image\/"}},{"@type":"Person","@id":"http:\/\/www.agencija-jajce.ba\/#\/schema\/person\/4d86f7882d1ed6bc5a0772d2a4aef29b","name":"Admin","image":{"@type":"ImageObject","inLanguage":"de","@id":"http:\/\/www.agencija-jajce.ba\/#\/schema\/person\/image\/","url":"https:\/\/secure.gravatar.com\/avatar\/cabec6f085012315bcbd5f51741e9ba9f360e7567799100769c58a28c83c6574?s=96&d=mm&r=g","contentUrl":"https:\/\/secure.gravatar.com\/avatar\/cabec6f085012315bcbd5f51741e9ba9f360e7567799100769c58a28c83c6574?s=96&d=mm&r=g","caption":"Admin"}}]}},"_links":{"self":[{"href":"http:\/\/www.agencija-jajce.ba\/de\/wp-json\/wp\/v2\/posts\/3945","targetHints":{"allow":["GET"]}}],"collection":[{"href":"http:\/\/www.agencija-jajce.ba\/de\/wp-json\/wp\/v2\/posts"}],"about":[{"href":"http:\/\/www.agencija-jajce.ba\/de\/wp-json\/wp\/v2\/types\/post"}],"author":[{"embeddable":true,"href":"http:\/\/www.agencija-jajce.ba\/de\/wp-json\/wp\/v2\/users\/1"}],"replies":[{"embeddable":true,"href":"http:\/\/www.agencija-jajce.ba\/de\/wp-json\/wp\/v2\/comments?post=3945"}],"version-history":[{"count":1,"href":"http:\/\/www.agencija-jajce.ba\/de\/wp-json\/wp\/v2\/posts\/3945\/revisions"}],"predecessor-version":[{"id":11113,"href":"http:\/\/www.agencija-jajce.ba\/de\/wp-json\/wp\/v2\/posts\/3945\/revisions\/11113"}],"wp:featuredmedia":[{"embeddable":true,"href":"http:\/\/www.agencija-jajce.ba\/de\/wp-json\/wp\/v2\/media\/3946"}],"wp:attachment":[{"href":"http:\/\/www.agencija-jajce.ba\/de\/wp-json\/wp\/v2\/media?parent=3945"}],"wp:term":[{"taxonomy":"category","embeddable":true,"href":"http:\/\/www.agencija-jajce.ba\/de\/wp-json\/wp\/v2\/categories?post=3945"},{"taxonomy":"post_tag","embeddable":true,"href":"http:\/\/www.agencija-jajce.ba\/de\/wp-json\/wp\/v2\/tags?post=3945"}],"curies":[{"name":"wp","href":"https:\/\/api.w.org\/{rel}","templated":true}]}}