{"id":3941,"date":"2017-03-05T12:07:40","date_gmt":"2017-03-05T12:07:40","guid":{"rendered":"https:\/\/www.agencija-jajce.ba\/moscheen\/"},"modified":"2017-03-05T12:07:40","modified_gmt":"2017-03-05T12:07:40","slug":"moscheen","status":"publish","type":"post","link":"http:\/\/www.agencija-jajce.ba\/de\/moscheen\/","title":{"rendered":"Moscheen"},"content":{"rendered":"<p class=\"MsoNormal\"><strong><span style=\"text-decoration: underline;\">Esma Sultanija Moschee<\/span><\/strong><\/p>\n<p class=\"MsoNormal\" style=\"text-align: justify;\">Unter den Moscheen in Jajce ist Esma Sultanija aus der Zeit der osmanischen Herrschaft das bedeutsamste objekt. Sie untescheidet sich aufgrund Ihrer Gr<span lang=\"DE\">\u00f6sse und Form von anderen Moscheen. Sie befindet sich in der Innenstdt von Jajce. Auf dem Moschee Komplex befanden sich eine \u00fcberdachte Font\u00e4ne (<\/span>\u0161adrvan), eine islamische Schule (mekteb) und ein Friedhof. Dem Chronogramm das sich <span lang=\"DE\">\u00fcber dem Portal befindet nach, wurde die Moschee 1749 \u2013 1750 erbaut, ihr Gr\u00fcnder war der Berater vom Gesandten Emir Mustafa. F\u00fcr den Namen der Moschee bewahrt die Tradition, dass Esma Sultanija die Gattin des bosnischen Herrschers Mehmed Pasha Muhsinovi\u0107 die Moschee und zwei Br\u00fccken am Vrbas Fluss erbauen lassen hat. <\/span><\/p>\n<p style=\"text-align: justify;\">\u00a0<\/p>\n<p class=\"MsoNormal\" style=\"text-align: justify;\"><span lang=\"DE\">Da Sie sehr krank war, haben Ihr Astrologen vorausgesagt, dass sie gesund wird inwiefern sie drei Stiftungen errichtet. Sie lies von ihrem verkauften Schmuck zwei Br\u00fccken \u00fcber den Vrbas und eine der sch\u00f6nesten Moscheen bauen. Im Jahr 1993 war die Moschee mit all den Objekten um sie herum vollst\u00e4ndig zerst\u00f6rt. Von 2003 bis 2010 wurde die Moschee erneuert, im Gange ist die Rekonstruktion des ganzen Komlexes der Esma Sultanija Moschee. Die Moschee ist offen f\u00fcr Besucher auser w\u00e4rend der Gebetzeit und in den Abendstunden. Neben der Moschee befindet sich des Geb\u00e4ude der islamischen Gemeinschaft Jajce mit einer Bibliothek wo die Besucher mehr Informationen \u00fcber die islamische Gemeinschaft bekommen k\u00f6nnen.<\/span><\/p>\n<\/p>\n<p class=\"MsoNormal\" style=\"text-align: justify;\"><span lang=\"DE\">Kontakt Informationen: <br \/>Madschlis der islamischen Gemeinschaft Jajce, <br \/>Str. Esme Sultanije 1, <br \/>Tel.: <\/span><span lang=\"EN-US\">0)30 657 089 und (0)30 657 483, <br \/>E-mail: <a href=\"mailto:medzlis_jc@tel.net.ba\">medzlis_jc@tel.net.ba<\/a><span style=\"display: none;\">Diese E-Mail-Adresse ist vor Spambots gesch\u00fctzt! Zur Anzeige muss JavaScript eingeschaltet sein! <\/span>, <br \/>www.mizjajce.com<\/span><\/p>\n<p class=\"MsoNormal\" style=\"text-align: justify;\"><strong><span lang=\"DE\">Dizdar \/ Frauen Moschee<\/span><\/strong><\/p>\n<p class=\"MsoNormal\" style=\"text-align: justify;\"><span lang=\"DE\">Die Dizdar oder auch Frauen Moschee genannt, befindet sich im oberen Teil der Altstadt. Die Moschee wurde 1812\/1813 von Sulejman Bey Kulenovi\u0107 erbaut. Die Angabe des Baujahres war bis 1992 im <\/span>Chronogramm das sich <span lang=\"DE\">\u00fcber dem Portal befand, erhalten. <\/span><\/p>\n<p style=\"text-align: justify;\">\u00a0<\/p>\n<p class=\"MsoNormal\" style=\"margin-bottom: .0001pt; text-align: justify;\"><span lang=\"DE\">Die Dizdar Moschee in Jajce geh\u00f6rt zu den zentralen Moscheen mit einer Etage aber ohne Minarett (Leuchtturm), aber mit einer gemauerten Kuppel die unter einem vierseitigen Dach versteckt ist, was nicht oft der Fall in Bosnien und Herzegowina ist. Das Objekt wurde im Jahr 2002 restauriert.<\/span><\/p>\n","protected":false},"excerpt":{"rendered":"<p>Esma Sultanija Moschee Unter den Moscheen in Jajce ist Esma Sultanija aus der Zeit der osmanischen Herrschaft das bedeutsamste objekt. Sie untescheidet sich aufgrund Ihrer Gr\u00f6sse und Form von anderen Moscheen. Sie befindet sich in der Innenstdt von Jajce. Auf dem Moschee Komplex befanden sich eine \u00fcberdachte Font\u00e4ne (\u0161adrvan), eine islamische Schule (mekteb) und ein Friedhof. Dem Chronogramm das sich \u00fcber dem Portal befindet nach, wurde die Moschee 1749 \u2013 1750 erbaut, ihr Gr\u00fcnder war der Berater vom Gesandten Emir Mustafa. F\u00fcr den Namen der Moschee bewahrt die Tradition, dass Esma Sultanija die Gattin des bosnischen Herrschers Mehmed Pasha Muhsinovi\u0107 die Moschee und zwei Br\u00fccken am Vrbas Fluss&hellip;<\/p>\n","protected":false},"author":1,"featured_media":3942,"comment_status":"open","ping_status":"open","sticky":false,"template":"","format":"standard","meta":{"footnotes":""},"categories":[68],"tags":[],"class_list":["post-3941","post","type-post","status-publish","format-standard","has-post-thumbnail","hentry","category-german-de"],"yoast_head":"<!-- This site is optimized with the Yoast SEO Premium plugin v21.2 (Yoast SEO v26.3) - https:\/\/yoast.com\/wordpress\/plugins\/seo\/ -->\n<title>Moscheen - JU \u201eAgencija za kulturno-povijesnu i prirodnu ba\u0161tinu i razvoj turisti\u010dkih potencijala grada Jajca\u201c<\/title>\n<meta name=\"robots\" content=\"index, follow, max-snippet:-1, max-image-preview:large, max-video-preview:-1\" \/>\n<link rel=\"canonical\" href=\"http:\/\/www.agencija-jajce.ba\/de\/moscheen\/\" \/>\n<meta property=\"og:locale\" content=\"de_DE\" \/>\n<meta property=\"og:type\" content=\"article\" \/>\n<meta property=\"og:title\" content=\"Moscheen\" \/>\n<meta property=\"og:description\" content=\"Esma Sultanija Moschee Unter den Moscheen in Jajce ist Esma Sultanija aus der Zeit der osmanischen Herrschaft das bedeutsamste objekt. Sie untescheidet sich aufgrund Ihrer Gr\u00f6sse und Form von anderen Moscheen. Sie befindet sich in der Innenstdt von Jajce. Auf dem Moschee Komplex befanden sich eine \u00fcberdachte Font\u00e4ne (\u0161adrvan), eine islamische Schule (mekteb) und ein Friedhof. Dem Chronogramm das sich \u00fcber dem Portal befindet nach, wurde die Moschee 1749 \u2013 1750 erbaut, ihr Gr\u00fcnder war der Berater vom Gesandten Emir Mustafa. F\u00fcr den Namen der Moschee bewahrt die Tradition, dass Esma Sultanija die Gattin des bosnischen Herrschers Mehmed Pasha Muhsinovi\u0107 die Moschee und zwei Br\u00fccken am Vrbas Fluss&hellip;\" \/>\n<meta property=\"og:url\" content=\"http:\/\/www.agencija-jajce.ba\/de\/moscheen\/\" \/>\n<meta property=\"og:site_name\" content=\"JU \u201eAgencija za kulturno-povijesnu i prirodnu ba\u0161tinu i razvoj turisti\u010dkih potencijala grada Jajca\u201c\" \/>\n<meta property=\"article:published_time\" content=\"2017-03-05T12:07:40+00:00\" \/>\n<meta property=\"og:image\" content=\"http:\/\/www.agencija-jajce.ba\/wp-content\/uploads\/2017\/03\/dzamije.jpg\" \/>\n\t<meta property=\"og:image:width\" content=\"500\" \/>\n\t<meta property=\"og:image:height\" content=\"252\" \/>\n\t<meta property=\"og:image:type\" content=\"image\/jpeg\" \/>\n<meta name=\"author\" content=\"Admin\" \/>\n<meta name=\"twitter:card\" content=\"summary_large_image\" \/>\n<meta name=\"twitter:label1\" content=\"Verfasst von\" \/>\n\t<meta name=\"twitter:data1\" content=\"Admin\" \/>\n\t<meta name=\"twitter:label2\" content=\"Gesch\u00e4tzte Lesezeit\" \/>\n\t<meta name=\"twitter:data2\" content=\"2\u00a0Minuten\" \/>\n<script type=\"application\/ld+json\" class=\"yoast-schema-graph\">{\"@context\":\"https:\/\/schema.org\",\"@graph\":[{\"@type\":\"Article\",\"@id\":\"http:\/\/www.agencija-jajce.ba\/de\/moscheen\/#article\",\"isPartOf\":{\"@id\":\"http:\/\/www.agencija-jajce.ba\/de\/moscheen\/\"},\"author\":{\"name\":\"Admin\",\"@id\":\"http:\/\/www.agencija-jajce.ba\/#\/schema\/person\/4d86f7882d1ed6bc5a0772d2a4aef29b\"},\"headline\":\"Moscheen\",\"datePublished\":\"2017-03-05T12:07:40+00:00\",\"mainEntityOfPage\":{\"@id\":\"http:\/\/www.agencija-jajce.ba\/de\/moscheen\/\"},\"wordCount\":348,\"commentCount\":0,\"publisher\":{\"@id\":\"http:\/\/www.agencija-jajce.ba\/#organization\"},\"image\":{\"@id\":\"http:\/\/www.agencija-jajce.ba\/de\/moscheen\/#primaryimage\"},\"thumbnailUrl\":\"http:\/\/www.agencija-jajce.ba\/wp-content\/uploads\/2017\/03\/dzamije.jpg\",\"articleSection\":[\"German\"],\"inLanguage\":\"de\"},{\"@type\":\"WebPage\",\"@id\":\"http:\/\/www.agencija-jajce.ba\/de\/moscheen\/\",\"url\":\"http:\/\/www.agencija-jajce.ba\/de\/moscheen\/\",\"name\":\"Moscheen - JU \u201eAgencija za kulturno-povijesnu i prirodnu ba\u0161tinu i razvoj turisti\u010dkih potencijala grada Jajca\u201c\",\"isPartOf\":{\"@id\":\"http:\/\/www.agencija-jajce.ba\/#website\"},\"primaryImageOfPage\":{\"@id\":\"http:\/\/www.agencija-jajce.ba\/de\/moscheen\/#primaryimage\"},\"image\":{\"@id\":\"http:\/\/www.agencija-jajce.ba\/de\/moscheen\/#primaryimage\"},\"thumbnailUrl\":\"http:\/\/www.agencija-jajce.ba\/wp-content\/uploads\/2017\/03\/dzamije.jpg\",\"datePublished\":\"2017-03-05T12:07:40+00:00\",\"breadcrumb\":{\"@id\":\"http:\/\/www.agencija-jajce.ba\/de\/moscheen\/#breadcrumb\"},\"inLanguage\":\"de\",\"potentialAction\":[{\"@type\":\"ReadAction\",\"target\":[\"http:\/\/www.agencija-jajce.ba\/de\/moscheen\/\"]}]},{\"@type\":\"ImageObject\",\"inLanguage\":\"de\",\"@id\":\"http:\/\/www.agencija-jajce.ba\/de\/moscheen\/#primaryimage\",\"url\":\"http:\/\/www.agencija-jajce.ba\/wp-content\/uploads\/2017\/03\/dzamije.jpg\",\"contentUrl\":\"http:\/\/www.agencija-jajce.ba\/wp-content\/uploads\/2017\/03\/dzamije.jpg\",\"width\":500,\"height\":252},{\"@type\":\"BreadcrumbList\",\"@id\":\"http:\/\/www.agencija-jajce.ba\/de\/moscheen\/#breadcrumb\",\"itemListElement\":[{\"@type\":\"ListItem\",\"position\":1,\"name\":\"Home\",\"item\":\"https:\/\/www.agencija-jajce.ba\/de\/\"},{\"@type\":\"ListItem\",\"position\":2,\"name\":\"Moscheen\"}]},{\"@type\":\"WebSite\",\"@id\":\"http:\/\/www.agencija-jajce.ba\/#website\",\"url\":\"http:\/\/www.agencija-jajce.ba\/\",\"name\":\"JU \u201eAgencija za kulturno-povijesnu i prirodnu ba\u0161tinu i razvoj turisti\u010dkih potencijala grada Jajca\u201c\",\"description\":\"\",\"publisher\":{\"@id\":\"http:\/\/www.agencija-jajce.ba\/#organization\"},\"potentialAction\":[{\"@type\":\"SearchAction\",\"target\":{\"@type\":\"EntryPoint\",\"urlTemplate\":\"http:\/\/www.agencija-jajce.ba\/?s={search_term_string}\"},\"query-input\":{\"@type\":\"PropertyValueSpecification\",\"valueRequired\":true,\"valueName\":\"search_term_string\"}}],\"inLanguage\":\"de\"},{\"@type\":\"Organization\",\"@id\":\"http:\/\/www.agencija-jajce.ba\/#organization\",\"name\":\"JU \u201eAgencija Jajce\u201c\",\"url\":\"http:\/\/www.agencija-jajce.ba\/\",\"logo\":{\"@type\":\"ImageObject\",\"inLanguage\":\"de\",\"@id\":\"http:\/\/www.agencija-jajce.ba\/#\/schema\/logo\/image\/\",\"url\":\"https:\/\/www.agencija-jajce.ba\/wp-content\/uploads\/2020\/05\/Agencija-logo-color.png\",\"contentUrl\":\"https:\/\/www.agencija-jajce.ba\/wp-content\/uploads\/2020\/05\/Agencija-logo-color.png\",\"width\":1359,\"height\":1464,\"caption\":\"JU \u201eAgencija Jajce\u201c\"},\"image\":{\"@id\":\"http:\/\/www.agencija-jajce.ba\/#\/schema\/logo\/image\/\"}},{\"@type\":\"Person\",\"@id\":\"http:\/\/www.agencija-jajce.ba\/#\/schema\/person\/4d86f7882d1ed6bc5a0772d2a4aef29b\",\"name\":\"Admin\",\"image\":{\"@type\":\"ImageObject\",\"inLanguage\":\"de\",\"@id\":\"http:\/\/www.agencija-jajce.ba\/#\/schema\/person\/image\/\",\"url\":\"https:\/\/secure.gravatar.com\/avatar\/cabec6f085012315bcbd5f51741e9ba9f360e7567799100769c58a28c83c6574?s=96&d=mm&r=g\",\"contentUrl\":\"https:\/\/secure.gravatar.com\/avatar\/cabec6f085012315bcbd5f51741e9ba9f360e7567799100769c58a28c83c6574?s=96&d=mm&r=g\",\"caption\":\"Admin\"}}]}<\/script>\n<!-- \/ Yoast SEO Premium plugin. -->","yoast_head_json":{"title":"Moscheen - JU \u201eAgencija za kulturno-povijesnu i prirodnu ba\u0161tinu i razvoj turisti\u010dkih potencijala grada Jajca\u201c","robots":{"index":"index","follow":"follow","max-snippet":"max-snippet:-1","max-image-preview":"max-image-preview:large","max-video-preview":"max-video-preview:-1"},"canonical":"http:\/\/www.agencija-jajce.ba\/de\/moscheen\/","og_locale":"de_DE","og_type":"article","og_title":"Moscheen","og_description":"Esma Sultanija Moschee Unter den Moscheen in Jajce ist Esma Sultanija aus der Zeit der osmanischen Herrschaft das bedeutsamste objekt. Sie untescheidet sich aufgrund Ihrer Gr\u00f6sse und Form von anderen Moscheen. Sie befindet sich in der Innenstdt von Jajce. Auf dem Moschee Komplex befanden sich eine \u00fcberdachte Font\u00e4ne (\u0161adrvan), eine islamische Schule (mekteb) und ein Friedhof. Dem Chronogramm das sich \u00fcber dem Portal befindet nach, wurde die Moschee 1749 \u2013 1750 erbaut, ihr Gr\u00fcnder war der Berater vom Gesandten Emir Mustafa. F\u00fcr den Namen der Moschee bewahrt die Tradition, dass Esma Sultanija die Gattin des bosnischen Herrschers Mehmed Pasha Muhsinovi\u0107 die Moschee und zwei Br\u00fccken am Vrbas Fluss&hellip;","og_url":"http:\/\/www.agencija-jajce.ba\/de\/moscheen\/","og_site_name":"JU \u201eAgencija za kulturno-povijesnu i prirodnu ba\u0161tinu i razvoj turisti\u010dkih potencijala grada Jajca\u201c","article_published_time":"2017-03-05T12:07:40+00:00","og_image":[{"width":500,"height":252,"url":"http:\/\/www.agencija-jajce.ba\/wp-content\/uploads\/2017\/03\/dzamije.jpg","type":"image\/jpeg"}],"author":"Admin","twitter_card":"summary_large_image","twitter_misc":{"Verfasst von":"Admin","Gesch\u00e4tzte Lesezeit":"2\u00a0Minuten"},"schema":{"@context":"https:\/\/schema.org","@graph":[{"@type":"Article","@id":"http:\/\/www.agencija-jajce.ba\/de\/moscheen\/#article","isPartOf":{"@id":"http:\/\/www.agencija-jajce.ba\/de\/moscheen\/"},"author":{"name":"Admin","@id":"http:\/\/www.agencija-jajce.ba\/#\/schema\/person\/4d86f7882d1ed6bc5a0772d2a4aef29b"},"headline":"Moscheen","datePublished":"2017-03-05T12:07:40+00:00","mainEntityOfPage":{"@id":"http:\/\/www.agencija-jajce.ba\/de\/moscheen\/"},"wordCount":348,"commentCount":0,"publisher":{"@id":"http:\/\/www.agencija-jajce.ba\/#organization"},"image":{"@id":"http:\/\/www.agencija-jajce.ba\/de\/moscheen\/#primaryimage"},"thumbnailUrl":"http:\/\/www.agencija-jajce.ba\/wp-content\/uploads\/2017\/03\/dzamije.jpg","articleSection":["German"],"inLanguage":"de"},{"@type":"WebPage","@id":"http:\/\/www.agencija-jajce.ba\/de\/moscheen\/","url":"http:\/\/www.agencija-jajce.ba\/de\/moscheen\/","name":"Moscheen - JU \u201eAgencija za kulturno-povijesnu i prirodnu ba\u0161tinu i razvoj turisti\u010dkih potencijala grada Jajca\u201c","isPartOf":{"@id":"http:\/\/www.agencija-jajce.ba\/#website"},"primaryImageOfPage":{"@id":"http:\/\/www.agencija-jajce.ba\/de\/moscheen\/#primaryimage"},"image":{"@id":"http:\/\/www.agencija-jajce.ba\/de\/moscheen\/#primaryimage"},"thumbnailUrl":"http:\/\/www.agencija-jajce.ba\/wp-content\/uploads\/2017\/03\/dzamije.jpg","datePublished":"2017-03-05T12:07:40+00:00","breadcrumb":{"@id":"http:\/\/www.agencija-jajce.ba\/de\/moscheen\/#breadcrumb"},"inLanguage":"de","potentialAction":[{"@type":"ReadAction","target":["http:\/\/www.agencija-jajce.ba\/de\/moscheen\/"]}]},{"@type":"ImageObject","inLanguage":"de","@id":"http:\/\/www.agencija-jajce.ba\/de\/moscheen\/#primaryimage","url":"http:\/\/www.agencija-jajce.ba\/wp-content\/uploads\/2017\/03\/dzamije.jpg","contentUrl":"http:\/\/www.agencija-jajce.ba\/wp-content\/uploads\/2017\/03\/dzamije.jpg","width":500,"height":252},{"@type":"BreadcrumbList","@id":"http:\/\/www.agencija-jajce.ba\/de\/moscheen\/#breadcrumb","itemListElement":[{"@type":"ListItem","position":1,"name":"Home","item":"https:\/\/www.agencija-jajce.ba\/de\/"},{"@type":"ListItem","position":2,"name":"Moscheen"}]},{"@type":"WebSite","@id":"http:\/\/www.agencija-jajce.ba\/#website","url":"http:\/\/www.agencija-jajce.ba\/","name":"JU \u201eAgencija za kulturno-povijesnu i prirodnu ba\u0161tinu i razvoj turisti\u010dkih potencijala grada Jajca\u201c","description":"","publisher":{"@id":"http:\/\/www.agencija-jajce.ba\/#organization"},"potentialAction":[{"@type":"SearchAction","target":{"@type":"EntryPoint","urlTemplate":"http:\/\/www.agencija-jajce.ba\/?s={search_term_string}"},"query-input":{"@type":"PropertyValueSpecification","valueRequired":true,"valueName":"search_term_string"}}],"inLanguage":"de"},{"@type":"Organization","@id":"http:\/\/www.agencija-jajce.ba\/#organization","name":"JU \u201eAgencija Jajce\u201c","url":"http:\/\/www.agencija-jajce.ba\/","logo":{"@type":"ImageObject","inLanguage":"de","@id":"http:\/\/www.agencija-jajce.ba\/#\/schema\/logo\/image\/","url":"https:\/\/www.agencija-jajce.ba\/wp-content\/uploads\/2020\/05\/Agencija-logo-color.png","contentUrl":"https:\/\/www.agencija-jajce.ba\/wp-content\/uploads\/2020\/05\/Agencija-logo-color.png","width":1359,"height":1464,"caption":"JU \u201eAgencija Jajce\u201c"},"image":{"@id":"http:\/\/www.agencija-jajce.ba\/#\/schema\/logo\/image\/"}},{"@type":"Person","@id":"http:\/\/www.agencija-jajce.ba\/#\/schema\/person\/4d86f7882d1ed6bc5a0772d2a4aef29b","name":"Admin","image":{"@type":"ImageObject","inLanguage":"de","@id":"http:\/\/www.agencija-jajce.ba\/#\/schema\/person\/image\/","url":"https:\/\/secure.gravatar.com\/avatar\/cabec6f085012315bcbd5f51741e9ba9f360e7567799100769c58a28c83c6574?s=96&d=mm&r=g","contentUrl":"https:\/\/secure.gravatar.com\/avatar\/cabec6f085012315bcbd5f51741e9ba9f360e7567799100769c58a28c83c6574?s=96&d=mm&r=g","caption":"Admin"}}]}},"_links":{"self":[{"href":"http:\/\/www.agencija-jajce.ba\/de\/wp-json\/wp\/v2\/posts\/3941","targetHints":{"allow":["GET"]}}],"collection":[{"href":"http:\/\/www.agencija-jajce.ba\/de\/wp-json\/wp\/v2\/posts"}],"about":[{"href":"http:\/\/www.agencija-jajce.ba\/de\/wp-json\/wp\/v2\/types\/post"}],"author":[{"embeddable":true,"href":"http:\/\/www.agencija-jajce.ba\/de\/wp-json\/wp\/v2\/users\/1"}],"replies":[{"embeddable":true,"href":"http:\/\/www.agencija-jajce.ba\/de\/wp-json\/wp\/v2\/comments?post=3941"}],"version-history":[{"count":0,"href":"http:\/\/www.agencija-jajce.ba\/de\/wp-json\/wp\/v2\/posts\/3941\/revisions"}],"wp:featuredmedia":[{"embeddable":true,"href":"http:\/\/www.agencija-jajce.ba\/de\/wp-json\/wp\/v2\/media\/3942"}],"wp:attachment":[{"href":"http:\/\/www.agencija-jajce.ba\/de\/wp-json\/wp\/v2\/media?parent=3941"}],"wp:term":[{"taxonomy":"category","embeddable":true,"href":"http:\/\/www.agencija-jajce.ba\/de\/wp-json\/wp\/v2\/categories?post=3941"},{"taxonomy":"post_tag","embeddable":true,"href":"http:\/\/www.agencija-jajce.ba\/de\/wp-json\/wp\/v2\/tags?post=3941"}],"curies":[{"name":"wp","href":"https:\/\/api.w.org\/{rel}","templated":true}]}}